{"id":2240,"date":"2025-03-21T10:38:32","date_gmt":"2025-03-21T09:38:32","guid":{"rendered":"https:\/\/www.ivanaioriolistica.com\/home\/?p=2240"},"modified":"2025-11-28T10:30:07","modified_gmt":"2025-11-28T09:30:07","slug":"stanchezza-cambio-stagione-depura-il-fegato-con-lortica","status":"publish","type":"post","link":"https:\/\/www.ivanaioriolistica.com\/home\/stanchezza-cambio-stagione-depura-il-fegato-con-lortica\/","title":{"rendered":"Stanchezza del cambio stagione? Depura il fegato con l&#8217;ortica"},"content":{"rendered":"<p><span style=\"font-weight: 400;\">Capita anche a te di svegliarti al mattino gi\u00e0 stanco, come se il sonno non fosse bastato? Guardi fuori dalla finestra, la luce \u00e8 diversa, l\u2019aria profuma di primavera, ma dentro di te avverti una sensazione di pesantezza, quasi di malinconia. Forse ti senti pi\u00f9 affaticato del solito, hai poche energie e non riesci a concentrarti.\u00a0<\/span><\/p>\n<p><strong>\u00c8 normale<\/strong>. Il tuo corpo si sta adattando ai nuovi ritmi della natura.<\/p>\n<p><span style=\"font-weight: 400;\">Non sei solo, la stanchezza del cambio di stagione accomuna un po\u2019 tutti. Il cambiamento stagionale obbliga il fisico ad alcune trasformazioni. Spesso corpo e mente in questo periodo devono fare uno sforzo in pi\u00f9.<\/span><\/p>\n<p><span style=\"font-weight: 400;\">La buona notizia \u00e8 che <strong>puoi aiutarti ascoltando i segnali del tuo corpo<\/strong> e prendendoti cura di te con dolcezza e consapevolezza. La <strong>naturopatia funzionale<\/strong> ti insegna a osservare questi segnali e a <strong>supportare il tuo organismo in modo naturale.\u00a0<\/strong><\/span><\/p>\n<p><span style=\"font-weight: 400;\">Seguimi in questo articolo e scoprirai come la natura, in primavera, ti dona esattamente ci\u00f2 di cui il tuo corpo ha bisogno.\u00a0<\/span><\/p>\n<p><img decoding=\"async\" class=\"lazyload wp-image-2248 aligncenter\" src=\"https:\/\/www.ivanaioriolistica.com\/home\/wp-content\/uploads\/2025\/03\/stanchezza-del-cambio-stagione-1-scaled-e1742549482248-300x186.jpg\" data-orig-src=\"https:\/\/www.ivanaioriolistica.com\/home\/wp-content\/uploads\/2025\/03\/stanchezza-del-cambio-stagione-1-scaled-e1742549482248-300x186.jpg\" alt=\"\" width=\"733\" height=\"455\" srcset=\"data:image\/svg+xml,%3Csvg%20xmlns%3D%27http%3A%2F%2Fwww.w3.org%2F2000%2Fsvg%27%20width%3D%27733%27%20height%3D%27455%27%20viewBox%3D%270%200%20733%20455%27%3E%3Crect%20width%3D%27733%27%20height%3D%27455%27%20fill-opacity%3D%220%22%2F%3E%3C%2Fsvg%3E\" data-srcset=\"https:\/\/www.ivanaioriolistica.com\/home\/wp-content\/uploads\/2025\/03\/stanchezza-del-cambio-stagione-1-scaled-e1742549482248-200x124.jpg 200w, https:\/\/www.ivanaioriolistica.com\/home\/wp-content\/uploads\/2025\/03\/stanchezza-del-cambio-stagione-1-scaled-e1742549482248-300x186.jpg 300w, https:\/\/www.ivanaioriolistica.com\/home\/wp-content\/uploads\/2025\/03\/stanchezza-del-cambio-stagione-1-scaled-e1742549482248-400x248.jpg 400w, https:\/\/www.ivanaioriolistica.com\/home\/wp-content\/uploads\/2025\/03\/stanchezza-del-cambio-stagione-1-scaled-e1742549482248-600x372.jpg 600w, https:\/\/www.ivanaioriolistica.com\/home\/wp-content\/uploads\/2025\/03\/stanchezza-del-cambio-stagione-1-scaled-e1742549482248-768x476.jpg 768w, https:\/\/www.ivanaioriolistica.com\/home\/wp-content\/uploads\/2025\/03\/stanchezza-del-cambio-stagione-1-scaled-e1742549482248-800x496.jpg 800w, https:\/\/www.ivanaioriolistica.com\/home\/wp-content\/uploads\/2025\/03\/stanchezza-del-cambio-stagione-1-scaled-e1742549482248-1024x635.jpg 1024w, https:\/\/www.ivanaioriolistica.com\/home\/wp-content\/uploads\/2025\/03\/stanchezza-del-cambio-stagione-1-scaled-e1742549482248-1200x744.jpg 1200w, https:\/\/www.ivanaioriolistica.com\/home\/wp-content\/uploads\/2025\/03\/stanchezza-del-cambio-stagione-1-scaled-e1742549482248-1536x952.jpg 1536w, https:\/\/www.ivanaioriolistica.com\/home\/wp-content\/uploads\/2025\/03\/stanchezza-del-cambio-stagione-1-scaled-e1742549482248.jpg 1920w\" data-sizes=\"auto\" data-orig-sizes=\"(max-width: 733px) 100vw, 733px\" \/><\/p>\n<h2><span style=\"font-weight: 400;\">Da dove viene la stanchezza del cambio stagione?<\/span><\/h2>\n<p><span style=\"font-weight: 400;\">Con l\u2019arrivo della primavera, il corpo attraversa una fase di <strong>adattamento fisiologico.<\/strong> L\u2019aumento delle ore di luce modifica il ritmo circadiano, influenzando la produzione di ormoni e il ciclo sonno-veglia. Inoltre, il metabolismo tende ad accelerare leggermente, comportando un maggiore dispendio energetico. Questo processo <strong>pu\u00f2 influenzare i livelli di energia, l\u2019appetito e la termoregolazione<\/strong>.<\/span><\/p>\n<p><span style=\"font-weight: 400;\"><strong>Il fegato<\/strong>, il nostro organo deputato alla depurazione, <strong>\u00e8 chiamato a un lavoro extra<\/strong> in questo periodo, poich\u00e9 deve smaltire le tossine accumulate durante i mesi invernali, spesso caratterizzati da un\u2019alimentazione pi\u00f9 ricca e sbilanciata.\u00a0<\/span><\/p>\n<p><span style=\"font-weight: 400;\">Anche <\/span><a href=\"https:\/\/www.ivanaioriolistica.com\/home\/percorso-emozionale\/\"><span style=\"font-weight: 400;\">l\u2019equilibrio emotivo<\/span><\/a><span style=\"font-weight: 400;\"> pu\u00f2 risentirne: potresti avvertire maggiore ansia o avere difficolt\u00e0 a dormire, segnali che <strong>il corpo sta attraversando un processo di adattamento e depurazione<\/strong>.<\/span><\/p>\n<p><span style=\"font-weight: 400;\">Quanto dura la stanchezza del cambio stagione? La risposta varia da persona a persona, ma dipende molto dallo stile di vita. Abitudini sane, come un&#8217;alimentazione equilibrata, un sonno di qualit\u00e0 e una regolare attivit\u00e0 fisica, possono aiutare il corpo ad adattarsi pi\u00f9 rapidamente a questa fase di transizione.<\/span><\/p>\n<h2><span style=\"font-weight: 400;\">Perch\u00e9 un detox del fegato <\/span><span style=\"font-weight: 400;\">\u00e8 importante?<\/span><\/h2>\n<p><span style=\"font-weight: 400;\">Tra i sintomi di un fegato appesantito potresti avvertire stanchezza persistente, difficolt\u00e0 digestive, tono della pelle spento e sbalzi d\u2019umore. <strong>Il tuo fegato \u00e8 un filtro naturale<\/strong> che, con il cambio di stagione, pu\u00f2 sovraccaricarsi.\u00a0<\/span><\/p>\n<p><span style=\"font-weight: 400;\">Per questo motivo \u00e8 molto importante dargli cura e supporto, attraverso un\u2019ali<\/span><span style=\"font-weight: 400;\">mentazione mirata e rimedi naturali che favoriscano la depurazione.\u00a0<\/span><\/p>\n<h2><span style=\"font-weight: 400;\">Alimentazione per il tuo riequilibrio naturale<\/span><\/h2>\n<p><span style=\"font-weight: 400;\">Per <strong>favorire il detox di fegato e intestino e curare la stanchezza del cambio stagione,<\/strong> il primo passo \u00e8 un\u2019alimentazione consapevole. In questo periodo la natura fornisce proprio ci\u00f2 di cui il tuo corpo ha pi\u00f9 bisogno. Erbe amare e verdure di stagione come <strong>il<\/strong> <strong>carciofo, il tarassaco, la cicoria e l\u2019ortica<\/strong>, stimolano la funzionalit\u00e0 epatica e favoriscono il processo digestivo.\u00a0<\/span><\/p>\n<p><span style=\"font-weight: 400;\">Se decidi di osservare un periodo di dieta detox per il fegato, anche alcune radici sono ricche di principi attivi con propriet\u00e0 straordinarie. <strong>Zenzero e curcuma<\/strong> sono noti per la loro azione antinfiammatoria, mentre <strong>bardana e radice di cicoria<\/strong> sono utili per la depurazione del fegato.\u00a0<\/span><\/p>\n<p><span style=\"font-weight: 400;\">Per preparare un decotto con queste radici, \u00e8 sufficiente farle bollire per circa 10 minuti. Puoi consumarlo durante la giornata per favorire il drenaggio dei liquidi e l\u2019eliminazione delle tossine.<\/span><\/p>\n<p><span style=\"font-weight: 400;\">In questo periodo cos\u00ec delicato per il tuo corpo, \u00e8 consigliato ridurre il consumo di zuccheri raffinati, cibi fritti e alcolici. Sono alimenti che affaticano il metabolismo e rallentano il processo di pulizia. Qualche giorno di pausa \u00e8 un piccolo grande regalo che puoi fare al tuo corpo.<\/span><\/p>\n<h2><span style=\"font-weight: 400;\">L\u2019ortica: alleata detox per il cambio di st<\/span><span style=\"font-weight: 400;\">agione<\/span><\/h2>\n<p><span style=\"font-weight: 400;\">Grazie alla sua capacit\u00e0 di stimolare la <strong>depurazione di fegato, reni e sangue, l\u2019ortica \u00e8 perfetta per un detox efficace e naturale<\/strong>. Scopriamo come utilizzarla al meglio e perch\u00e9 includerla nella tua routine di benessere.\u00a0<\/span><\/p>\n<p><span style=\"font-weight: 400;\">Ricca di vitamine (A, C, K), antiossidanti e minerali essenziali come ferro, magnesio e calcio, l&#8217;ortica \u00e8 un <strong>potente alleato per il sistema immunitario.<\/strong> Favorisce l\u2019eliminazione delle tossine e contrasta la stanchezza, contribuendo al benessere generale dell&#8217;organismo.<\/span><\/p>\n<p><span style=\"font-weight: 400;\">L\u2019ortica \u00e8 anche un potente <strong>antinfiammatorio naturale<\/strong>, utile per alleviare dolori articolari e problemi legati alla pelle. Inoltre, <strong>stimola la circolazione sanguigna e favorisce la salute dei capelli<\/strong>, rinforzandoli e contrastandone la caduta.<\/span><\/p>\n<h2><span style=\"font-weight: 400;\">Come utilizzare l\u2019ortica per il tuo benessere<\/span><\/h2>\n<h3>Tisana di ortica<\/h3>\n<p><span style=\"font-weight: 400;\">Una delle modalit\u00e0 pi\u00f9 semplici per utilizzare l&#8217;ortica \u00e8 preparare una tisana. \u00c8 sufficiente lasciare in infusione le foglie, fresche o essiccate, in acqua calda per alcuni minuti. Per potenziarne le <strong>propriet\u00e0 depurative<\/strong> \u00e8 possibile aggiungere miele come dolcificante naturale o del succo di limone.<\/span><\/p>\n<h3>Infusi e oli all\u2019ortica per la pelle<\/h3>\n<p><span style=\"font-weight: 400;\">L&#8217;ortica pu\u00f2 essere impiegata anche nella cura della pelle grazie alle sue <strong>propriet\u00e0 lenitive e antinfiammatorie<\/strong>. Un infuso ottenuto dalle sue foglie pu\u00f2 essere utilizzato come tonico naturale per il viso, favorendo la purificazione e il riequilibrio cutaneo.\u00a0<\/span><\/p>\n<p><span style=\"font-weight: 400;\">Inoltre, \u00e8 possibile preparare un oleolito di ortica lasciando le foglie in infusione in olio di oliva o di mandorle per alcune settimane, ottenendo cos\u00ec un prodotto utile per massaggi su pelli irritate o infiammate.\u00a0<\/span><\/p>\n<h3>Utilizzare l\u2019ortica come ingrediente in cucina<\/h3>\n<ul>\n<li><span style=\"font-weight: 400;\">Le foglie di ortica, dopo essere state sbollentate per eliminare la sua azione urticante, possono essere aggiunte a <\/span><b style=\"font-size: 16px;\">zuppe e minestre<\/b><span style=\"font-weight: 400;\">. Un&#8217;ottima combinazione \u00e8 con patate, cipolle e brodo vegetale, per una zuppa depurativa dal sapore leggermente erbaceo.<\/span><\/li>\n<li style=\"font-weight: 400;\"><span style=\"font-weight: 400;\">Per una preparazione simile al <\/span><b>pesto alla genovese<\/b><span style=\"font-weight: 400;\">, le foglie di ortica possono essere frullate con olio extravergine d&#8217;oliva, aglio, noci o pinoli, formaggio grattugiato e succo di limone.\u00a0<\/span><\/li>\n<li style=\"font-weight: 400;\"><span style=\"font-weight: 400;\">L\u2019ortica pu\u00f2 essere inoltre integrata in <\/span><b>frittate e omelette<\/b><span style=\"font-weight: 400;\">, arricchendole di propriet\u00e0 benefiche.\u00a0<\/span><\/li>\n<\/ul>\n<p><span style=\"font-weight: 400;\">L&#8217;ortica \u00e8 davvero una risorsa preziosa per il benessere. Utilizzarla con consapevolezza significa prendersi cura di s\u00e9, riscoprendo il legame con la natura.<\/span><\/p>\n<p><img decoding=\"async\" class=\"lazyload wp-image-2246 aligncenter\" src=\"https:\/\/www.ivanaioriolistica.com\/home\/wp-content\/uploads\/2025\/03\/Stanchezza-del-cambio-stagione-detox-fegato-1-scaled-e1742549641207-300x193.jpg\" data-orig-src=\"https:\/\/www.ivanaioriolistica.com\/home\/wp-content\/uploads\/2025\/03\/Stanchezza-del-cambio-stagione-detox-fegato-1-scaled-e1742549641207-300x193.jpg\" alt=\"Stanchezza del cambio di stagione, detox fegato\" width=\"804\" height=\"517\" srcset=\"data:image\/svg+xml,%3Csvg%20xmlns%3D%27http%3A%2F%2Fwww.w3.org%2F2000%2Fsvg%27%20width%3D%27804%27%20height%3D%27517%27%20viewBox%3D%270%200%20804%20517%27%3E%3Crect%20width%3D%27804%27%20height%3D%27517%27%20fill-opacity%3D%220%22%2F%3E%3C%2Fsvg%3E\" data-srcset=\"https:\/\/www.ivanaioriolistica.com\/home\/wp-content\/uploads\/2025\/03\/Stanchezza-del-cambio-stagione-detox-fegato-1-scaled-e1742549641207-200x129.jpg 200w, https:\/\/www.ivanaioriolistica.com\/home\/wp-content\/uploads\/2025\/03\/Stanchezza-del-cambio-stagione-detox-fegato-1-scaled-e1742549641207-300x193.jpg 300w, https:\/\/www.ivanaioriolistica.com\/home\/wp-content\/uploads\/2025\/03\/Stanchezza-del-cambio-stagione-detox-fegato-1-scaled-e1742549641207-400x258.jpg 400w, https:\/\/www.ivanaioriolistica.com\/home\/wp-content\/uploads\/2025\/03\/Stanchezza-del-cambio-stagione-detox-fegato-1-scaled-e1742549641207-460x295.jpg 460w, https:\/\/www.ivanaioriolistica.com\/home\/wp-content\/uploads\/2025\/03\/Stanchezza-del-cambio-stagione-detox-fegato-1-scaled-e1742549641207-600x387.jpg 600w, https:\/\/www.ivanaioriolistica.com\/home\/wp-content\/uploads\/2025\/03\/Stanchezza-del-cambio-stagione-detox-fegato-1-scaled-e1742549641207-768x495.jpg 768w, https:\/\/www.ivanaioriolistica.com\/home\/wp-content\/uploads\/2025\/03\/Stanchezza-del-cambio-stagione-detox-fegato-1-scaled-e1742549641207-800x515.jpg 800w, https:\/\/www.ivanaioriolistica.com\/home\/wp-content\/uploads\/2025\/03\/Stanchezza-del-cambio-stagione-detox-fegato-1-scaled-e1742549641207-1024x660.jpg 1024w, https:\/\/www.ivanaioriolistica.com\/home\/wp-content\/uploads\/2025\/03\/Stanchezza-del-cambio-stagione-detox-fegato-1-scaled-e1742549641207-1200x773.jpg 1200w, https:\/\/www.ivanaioriolistica.com\/home\/wp-content\/uploads\/2025\/03\/Stanchezza-del-cambio-stagione-detox-fegato-1-scaled-e1742549641207-1536x990.jpg 1536w, https:\/\/www.ivanaioriolistica.com\/home\/wp-content\/uploads\/2025\/03\/Stanchezza-del-cambio-stagione-detox-fegato-1-scaled-e1742549641207.jpg 1920w\" data-sizes=\"auto\" data-orig-sizes=\"(max-width: 804px) 100vw, 804px\" \/><\/p>\n<h2>Prenditi cura di te<\/h2>\n<p><span style=\"font-weight: 400;\">Integrare l\u2019ortica nella propria routine \u00e8 un modo semplice e naturale per sostenere il benessere quotidiano, cos\u00ec come imparare ad ascoltare i segnali del nostro corpo nei <\/span><a href=\"https:\/\/www.ivanaioriolistica.com\/home\/cosa-mangiare-nel-cambio-stagione-in-autunno\/\"><span style=\"font-weight: 400;\">momenti di cambiamento<\/span><\/a><span style=\"font-weight: 400;\">.\u00a0<\/span><\/p>\n<p><span style=\"font-weight: 400;\">La stanchezza legata ai cambi di stagione non \u00e8 un ostacolo, ma un\u2019opportunit\u00e0 per ascoltarci e riconnetterci con noi stessi con maggiore attenzione. Attraverso piccoli gesti quotidiani, con il supporto della naturopatia, \u00e8 possibile <\/span><a href=\"https:\/\/www.ivanaioriolistica.com\/home\/percorso-riequilibrante\/\"><span style=\"font-weight: 400;\">ritrovare il tuo equilibrio<\/span><\/a><span style=\"font-weight: 400;\"> e affrontare questa fase di transizione con pi\u00f9 energia e vitalit\u00e0. <\/span><\/p>\n<p><span style=\"font-weight: 400;\">Come naturopata, posso accompagnarti in questo <strong>viaggio verso il benessere<\/strong>. <\/span><a href=\"https:\/\/www.ivanaioriolistica.com\/home\/contatti\/\"><span style=\"font-weight: 400;\">Scrivimi ora<\/span><\/a><span style=\"font-weight: 400;\"> per una consulenza personalizzata e, insieme, scopriremo come riportare l&#8217;armonia nel tuo corpo e nella tua mente.\u00a0<\/span><\/p>\n<p><span style=\"font-weight: 400;\">Ogni stagione \u00e8 un&#8217;opportunit\u00e0 di crescita, e <strong>insieme<\/strong> possiamo scoprire come affrontarla al meglio.<\/span><\/p>\n","protected":false},"excerpt":{"rendered":"<p>Capita anche a te di svegliarti al mattino gi\u00e0 stanco, [&hellip;]<\/p>\n","protected":false},"author":4,"featured_media":2491,"comment_status":"closed","ping_status":"closed","sticky":false,"template":"","format":"standard","meta":{"_EventAllDay":false,"_EventTimezone":"","_EventStartDate":"","_EventEndDate":"","_EventStartDateUTC":"","_EventEndDateUTC":"","_EventShowMap":false,"_EventShowMapLink":false,"_EventURL":"","_EventCost":"","_EventCostDescription":"","_EventCurrencySymbol":"","_EventCurrencyCode":"","_EventCurrencyPosition":"","_EventDateTimeSeparator":"","_EventTimeRangeSeparator":"","_EventOrganizerID":[],"_EventVenueID":[],"_OrganizerEmail":"","_OrganizerPhone":"","_OrganizerWebsite":"","_VenueAddress":"","_VenueCity":"","_VenueCountry":"","_VenueProvince":"","_VenueState":"","_VenueZip":"","_VenuePhone":"","_VenueURL":"","_VenueStateProvince":"","_VenueLat":"","_VenueLng":"","_VenueShowMap":false,"_VenueShowMapLink":false,"_themeisle_gutenberg_block_has_review":false,"footnotes":""},"categories":[1,25],"tags":[],"class_list":["post-2240","post","type-post","status-publish","format-standard","has-post-thumbnail","hentry","category-consigli","category-nutrizione-e-benessere"],"yoast_head":"<!-- This site is optimized with the Yoast SEO plugin v25.2 - https:\/\/yoast.com\/wordpress\/plugins\/seo\/ -->\n<title>Stanchezza del cambio di stagione? Depura il fegato con l&#039;ortica<\/title>\n<meta name=\"description\" content=\"Segui i consigli per affrontare al meglio la stanchezza del cambio di stagione, scopri come ritrovare energia ed equilibrio in modo naturale.\" \/>\n<meta name=\"robots\" content=\"index, follow, max-snippet:-1, max-image-preview:large, max-video-preview:-1\" \/>\n<link rel=\"canonical\" href=\"https:\/\/www.ivanaioriolistica.com\/home\/stanchezza-cambio-stagione-depura-il-fegato-con-lortica\/\" \/>\n<meta property=\"og:locale\" content=\"it_IT\" \/>\n<meta property=\"og:type\" content=\"article\" \/>\n<meta property=\"og:title\" content=\"Stanchezza del cambio di stagione? Depura il fegato con l&#039;ortica\" \/>\n<meta property=\"og:description\" content=\"Segui i consigli per affrontare al meglio la stanchezza del cambio di stagione, scopri come ritrovare energia ed equilibrio in modo naturale.\" \/>\n<meta property=\"og:url\" content=\"https:\/\/www.ivanaioriolistica.com\/home\/stanchezza-cambio-stagione-depura-il-fegato-con-lortica\/\" \/>\n<meta property=\"og:site_name\" content=\"Ivana Iori Olistica del Benessere - Massaggi Olbia\" \/>\n<meta property=\"article:published_time\" content=\"2025-03-21T09:38:32+00:00\" \/>\n<meta property=\"article:modified_time\" content=\"2025-11-28T09:30:07+00:00\" \/>\n<meta property=\"og:image\" content=\"https:\/\/www.ivanaioriolistica.com\/home\/wp-content\/uploads\/2025\/11\/ortica-rimedi-stanchezza-del-cambio-stagione.png\" \/>\n\t<meta property=\"og:image:width\" content=\"800\" \/>\n\t<meta property=\"og:image:height\" content=\"542\" \/>\n\t<meta property=\"og:image:type\" content=\"image\/png\" \/>\n<meta name=\"author\" content=\"Ivana Iori\" \/>\n<meta name=\"twitter:card\" content=\"summary_large_image\" \/>\n<meta name=\"twitter:label1\" content=\"Scritto da\" \/>\n\t<meta name=\"twitter:data1\" content=\"Ivana Iori\" \/>\n\t<meta name=\"twitter:label2\" content=\"Tempo di lettura stimato\" \/>\n\t<meta name=\"twitter:data2\" content=\"7 minuti\" \/>\n<script type=\"application\/ld+json\" class=\"yoast-schema-graph\">{\"@context\":\"https:\/\/schema.org\",\"@graph\":[{\"@type\":\"WebPage\",\"@id\":\"https:\/\/www.ivanaioriolistica.com\/home\/stanchezza-cambio-stagione-depura-il-fegato-con-lortica\/\",\"url\":\"https:\/\/www.ivanaioriolistica.com\/home\/stanchezza-cambio-stagione-depura-il-fegato-con-lortica\/\",\"name\":\"Stanchezza del cambio di stagione? Depura il fegato con l'ortica\",\"isPartOf\":{\"@id\":\"https:\/\/www.ivanaioriolistica.com\/home\/#website\"},\"primaryImageOfPage\":{\"@id\":\"https:\/\/www.ivanaioriolistica.com\/home\/stanchezza-cambio-stagione-depura-il-fegato-con-lortica\/#primaryimage\"},\"image\":{\"@id\":\"https:\/\/www.ivanaioriolistica.com\/home\/stanchezza-cambio-stagione-depura-il-fegato-con-lortica\/#primaryimage\"},\"thumbnailUrl\":\"https:\/\/www.ivanaioriolistica.com\/home\/wp-content\/uploads\/2025\/11\/ortica-rimedi-stanchezza-del-cambio-stagione.png\",\"datePublished\":\"2025-03-21T09:38:32+00:00\",\"dateModified\":\"2025-11-28T09:30:07+00:00\",\"author\":{\"@id\":\"https:\/\/www.ivanaioriolistica.com\/home\/#\/schema\/person\/9dd1c65650afe9f5d70053f5b229e38c\"},\"description\":\"Segui i consigli per affrontare al meglio la stanchezza del cambio di stagione, scopri come ritrovare energia ed equilibrio in modo naturale.\",\"breadcrumb\":{\"@id\":\"https:\/\/www.ivanaioriolistica.com\/home\/stanchezza-cambio-stagione-depura-il-fegato-con-lortica\/#breadcrumb\"},\"inLanguage\":\"it-IT\",\"potentialAction\":[{\"@type\":\"ReadAction\",\"target\":[\"https:\/\/www.ivanaioriolistica.com\/home\/stanchezza-cambio-stagione-depura-il-fegato-con-lortica\/\"]}]},{\"@type\":\"ImageObject\",\"inLanguage\":\"it-IT\",\"@id\":\"https:\/\/www.ivanaioriolistica.com\/home\/stanchezza-cambio-stagione-depura-il-fegato-con-lortica\/#primaryimage\",\"url\":\"https:\/\/www.ivanaioriolistica.com\/home\/wp-content\/uploads\/2025\/11\/ortica-rimedi-stanchezza-del-cambio-stagione.png\",\"contentUrl\":\"https:\/\/www.ivanaioriolistica.com\/home\/wp-content\/uploads\/2025\/11\/ortica-rimedi-stanchezza-del-cambio-stagione.png\",\"width\":800,\"height\":542,\"caption\":\"ortica-rimedi-stanchezza-del-cambio-stagione\"},{\"@type\":\"BreadcrumbList\",\"@id\":\"https:\/\/www.ivanaioriolistica.com\/home\/stanchezza-cambio-stagione-depura-il-fegato-con-lortica\/#breadcrumb\",\"itemListElement\":[{\"@type\":\"ListItem\",\"position\":1,\"name\":\"Home\",\"item\":\"https:\/\/www.ivanaioriolistica.com\/home\/\"},{\"@type\":\"ListItem\",\"position\":2,\"name\":\"Stanchezza del cambio stagione? Depura il fegato con l&#8217;ortica\"}]},{\"@type\":\"WebSite\",\"@id\":\"https:\/\/www.ivanaioriolistica.com\/home\/#website\",\"url\":\"https:\/\/www.ivanaioriolistica.com\/home\/\",\"name\":\"Ivana Iori Olistica del Benessere - Massaggi Olbia\",\"description\":\"Riequilibrio Energetico e Benessere Psicofisico\",\"potentialAction\":[{\"@type\":\"SearchAction\",\"target\":{\"@type\":\"EntryPoint\",\"urlTemplate\":\"https:\/\/www.ivanaioriolistica.com\/home\/?s={search_term_string}\"},\"query-input\":{\"@type\":\"PropertyValueSpecification\",\"valueRequired\":true,\"valueName\":\"search_term_string\"}}],\"inLanguage\":\"it-IT\"},{\"@type\":\"Person\",\"@id\":\"https:\/\/www.ivanaioriolistica.com\/home\/#\/schema\/person\/9dd1c65650afe9f5d70053f5b229e38c\",\"name\":\"Ivana Iori\",\"image\":{\"@type\":\"ImageObject\",\"inLanguage\":\"it-IT\",\"@id\":\"https:\/\/www.ivanaioriolistica.com\/home\/#\/schema\/person\/image\/\",\"url\":\"https:\/\/secure.gravatar.com\/avatar\/247ca190ca08167c22a7d38fc1145653587a8991649f4e0625a77ee92d21df24?s=96&d=mm&r=g\",\"contentUrl\":\"https:\/\/secure.gravatar.com\/avatar\/247ca190ca08167c22a7d38fc1145653587a8991649f4e0625a77ee92d21df24?s=96&d=mm&r=g\",\"caption\":\"Ivana Iori\"},\"description\":\"Sono Naturopata, Reiki Multimaster, Operatrice Olistica del massaggio, Biomagnetista, Professionista del benessere psicofisico tramite il massaggio BioNaturale, Love Coach e specializzata in Naturopatia funzionale.\",\"url\":\"https:\/\/www.ivanaioriolistica.com\/home\/author\/irene-speretta\/\"}]}<\/script>\n<!-- \/ Yoast SEO plugin. -->","yoast_head_json":{"title":"Stanchezza del cambio di stagione? Depura il fegato con l'ortica","description":"Segui i consigli per affrontare al meglio la stanchezza del cambio di stagione, scopri come ritrovare energia ed equilibrio in modo naturale.","robots":{"index":"index","follow":"follow","max-snippet":"max-snippet:-1","max-image-preview":"max-image-preview:large","max-video-preview":"max-video-preview:-1"},"canonical":"https:\/\/www.ivanaioriolistica.com\/home\/stanchezza-cambio-stagione-depura-il-fegato-con-lortica\/","og_locale":"it_IT","og_type":"article","og_title":"Stanchezza del cambio di stagione? Depura il fegato con l'ortica","og_description":"Segui i consigli per affrontare al meglio la stanchezza del cambio di stagione, scopri come ritrovare energia ed equilibrio in modo naturale.","og_url":"https:\/\/www.ivanaioriolistica.com\/home\/stanchezza-cambio-stagione-depura-il-fegato-con-lortica\/","og_site_name":"Ivana Iori Olistica del Benessere - Massaggi Olbia","article_published_time":"2025-03-21T09:38:32+00:00","article_modified_time":"2025-11-28T09:30:07+00:00","og_image":[{"width":800,"height":542,"url":"https:\/\/www.ivanaioriolistica.com\/home\/wp-content\/uploads\/2025\/11\/ortica-rimedi-stanchezza-del-cambio-stagione.png","type":"image\/png"}],"author":"Ivana Iori","twitter_card":"summary_large_image","twitter_misc":{"Scritto da":"Ivana Iori","Tempo di lettura stimato":"7 minuti"},"schema":{"@context":"https:\/\/schema.org","@graph":[{"@type":"WebPage","@id":"https:\/\/www.ivanaioriolistica.com\/home\/stanchezza-cambio-stagione-depura-il-fegato-con-lortica\/","url":"https:\/\/www.ivanaioriolistica.com\/home\/stanchezza-cambio-stagione-depura-il-fegato-con-lortica\/","name":"Stanchezza del cambio di stagione? Depura il fegato con l'ortica","isPartOf":{"@id":"https:\/\/www.ivanaioriolistica.com\/home\/#website"},"primaryImageOfPage":{"@id":"https:\/\/www.ivanaioriolistica.com\/home\/stanchezza-cambio-stagione-depura-il-fegato-con-lortica\/#primaryimage"},"image":{"@id":"https:\/\/www.ivanaioriolistica.com\/home\/stanchezza-cambio-stagione-depura-il-fegato-con-lortica\/#primaryimage"},"thumbnailUrl":"https:\/\/www.ivanaioriolistica.com\/home\/wp-content\/uploads\/2025\/11\/ortica-rimedi-stanchezza-del-cambio-stagione.png","datePublished":"2025-03-21T09:38:32+00:00","dateModified":"2025-11-28T09:30:07+00:00","author":{"@id":"https:\/\/www.ivanaioriolistica.com\/home\/#\/schema\/person\/9dd1c65650afe9f5d70053f5b229e38c"},"description":"Segui i consigli per affrontare al meglio la stanchezza del cambio di stagione, scopri come ritrovare energia ed equilibrio in modo naturale.","breadcrumb":{"@id":"https:\/\/www.ivanaioriolistica.com\/home\/stanchezza-cambio-stagione-depura-il-fegato-con-lortica\/#breadcrumb"},"inLanguage":"it-IT","potentialAction":[{"@type":"ReadAction","target":["https:\/\/www.ivanaioriolistica.com\/home\/stanchezza-cambio-stagione-depura-il-fegato-con-lortica\/"]}]},{"@type":"ImageObject","inLanguage":"it-IT","@id":"https:\/\/www.ivanaioriolistica.com\/home\/stanchezza-cambio-stagione-depura-il-fegato-con-lortica\/#primaryimage","url":"https:\/\/www.ivanaioriolistica.com\/home\/wp-content\/uploads\/2025\/11\/ortica-rimedi-stanchezza-del-cambio-stagione.png","contentUrl":"https:\/\/www.ivanaioriolistica.com\/home\/wp-content\/uploads\/2025\/11\/ortica-rimedi-stanchezza-del-cambio-stagione.png","width":800,"height":542,"caption":"ortica-rimedi-stanchezza-del-cambio-stagione"},{"@type":"BreadcrumbList","@id":"https:\/\/www.ivanaioriolistica.com\/home\/stanchezza-cambio-stagione-depura-il-fegato-con-lortica\/#breadcrumb","itemListElement":[{"@type":"ListItem","position":1,"name":"Home","item":"https:\/\/www.ivanaioriolistica.com\/home\/"},{"@type":"ListItem","position":2,"name":"Stanchezza del cambio stagione? Depura il fegato con l&#8217;ortica"}]},{"@type":"WebSite","@id":"https:\/\/www.ivanaioriolistica.com\/home\/#website","url":"https:\/\/www.ivanaioriolistica.com\/home\/","name":"Ivana Iori Olistica del Benessere - Massaggi Olbia","description":"Riequilibrio Energetico e Benessere Psicofisico","potentialAction":[{"@type":"SearchAction","target":{"@type":"EntryPoint","urlTemplate":"https:\/\/www.ivanaioriolistica.com\/home\/?s={search_term_string}"},"query-input":{"@type":"PropertyValueSpecification","valueRequired":true,"valueName":"search_term_string"}}],"inLanguage":"it-IT"},{"@type":"Person","@id":"https:\/\/www.ivanaioriolistica.com\/home\/#\/schema\/person\/9dd1c65650afe9f5d70053f5b229e38c","name":"Ivana Iori","image":{"@type":"ImageObject","inLanguage":"it-IT","@id":"https:\/\/www.ivanaioriolistica.com\/home\/#\/schema\/person\/image\/","url":"https:\/\/secure.gravatar.com\/avatar\/247ca190ca08167c22a7d38fc1145653587a8991649f4e0625a77ee92d21df24?s=96&d=mm&r=g","contentUrl":"https:\/\/secure.gravatar.com\/avatar\/247ca190ca08167c22a7d38fc1145653587a8991649f4e0625a77ee92d21df24?s=96&d=mm&r=g","caption":"Ivana Iori"},"description":"Sono Naturopata, Reiki Multimaster, Operatrice Olistica del massaggio, Biomagnetista, Professionista del benessere psicofisico tramite il massaggio BioNaturale, Love Coach e specializzata in Naturopatia funzionale.","url":"https:\/\/www.ivanaioriolistica.com\/home\/author\/irene-speretta\/"}]}},"_links":{"self":[{"href":"https:\/\/www.ivanaioriolistica.com\/home\/wp-json\/wp\/v2\/posts\/2240","targetHints":{"allow":["GET"]}}],"collection":[{"href":"https:\/\/www.ivanaioriolistica.com\/home\/wp-json\/wp\/v2\/posts"}],"about":[{"href":"https:\/\/www.ivanaioriolistica.com\/home\/wp-json\/wp\/v2\/types\/post"}],"author":[{"embeddable":true,"href":"https:\/\/www.ivanaioriolistica.com\/home\/wp-json\/wp\/v2\/users\/4"}],"replies":[{"embeddable":true,"href":"https:\/\/www.ivanaioriolistica.com\/home\/wp-json\/wp\/v2\/comments?post=2240"}],"version-history":[{"count":11,"href":"https:\/\/www.ivanaioriolistica.com\/home\/wp-json\/wp\/v2\/posts\/2240\/revisions"}],"predecessor-version":[{"id":2262,"href":"https:\/\/www.ivanaioriolistica.com\/home\/wp-json\/wp\/v2\/posts\/2240\/revisions\/2262"}],"wp:featuredmedia":[{"embeddable":true,"href":"https:\/\/www.ivanaioriolistica.com\/home\/wp-json\/wp\/v2\/media\/2491"}],"wp:attachment":[{"href":"https:\/\/www.ivanaioriolistica.com\/home\/wp-json\/wp\/v2\/media?parent=2240"}],"wp:term":[{"taxonomy":"category","embeddable":true,"href":"https:\/\/www.ivanaioriolistica.com\/home\/wp-json\/wp\/v2\/categories?post=2240"},{"taxonomy":"post_tag","embeddable":true,"href":"https:\/\/www.ivanaioriolistica.com\/home\/wp-json\/wp\/v2\/tags?post=2240"}],"curies":[{"name":"wp","href":"https:\/\/api.w.org\/{rel}","templated":true}]}}