{"id":2285,"date":"2025-04-28T09:59:16","date_gmt":"2025-04-28T07:59:16","guid":{"rendered":"https:\/\/www.ivanaioriolistica.com\/home\/?p=2285"},"modified":"2025-11-28T10:29:26","modified_gmt":"2025-11-28T09:29:26","slug":"fiori-di-bach-e-allergie-primaverili-un-supporto-naturale","status":"publish","type":"post","link":"https:\/\/www.ivanaioriolistica.com\/home\/fiori-di-bach-e-allergie-primaverili-un-supporto-naturale\/","title":{"rendered":"Fiori di Bach e allergie primaverili: un supporto naturale per corpo ed emozioni"},"content":{"rendered":"<p><span style=\"font-weight: 400;\">Con l\u2019arrivo della primavera, la natura si risveglia, i colori si fanno pi\u00f9 vividi, l\u2019aria si riempie di profumi e nuova energia. Tuttavia, per molte persone questo periodo coincide anche con l\u2019inizio dei fastidiosi sintomi delle <\/span><b>allergie stagionali<\/b><span style=\"font-weight: 400;\">: starnuti, occhi arrossati, prurito e naso chiuso.<\/span><\/p>\n<p><span style=\"font-weight: 400;\">Sai che oltre ai rimedi fitoterapici, esiste anche un prezioso strumento che pu\u00f2 aiutarti a <\/span><b>ritrovare l\u2019equilibrio<\/b><span style=\"font-weight: 400;\"> durante questo periodo delicato? Sono <\/span><b>i Fiori di Bach<\/b><span style=\"font-weight: 400;\">.<\/span><\/p>\n<p><span style=\"font-weight: 400;\">In questo articolo scoprirai come questi rimedi floreali possono essere <\/span><b>alleati potenti nel gestire non solo i sintomi fisici delle allergie, ma anche lo <\/b><a href=\"https:\/\/www.ivanaioriolistica.com\/home\/come-si-gestisce-lo-stress-in-naturopatia\/\"><b>stress emotivo<\/b><\/a> <span style=\"font-weight: 400;\">che spesso li accompagna o addirittura li intensifica.<\/span><\/p>\n<h2><span style=\"font-weight: 400;\">Cosa sono i Fiori di Bach e perch\u00e9 si utilizzano<\/span><\/h2>\n<p><span style=\"font-weight: 400;\">I <\/span><b>Fiori di Bach<\/b><span style=\"font-weight: 400;\"> sono rimedi naturali scoperti <\/span><b>negli anni \u201930 dal dottor Edward Bach (1886-1936)<\/b><span style=\"font-weight: 400;\">. Bach fu un medico inglese che, dopo anni di lavoro nella medicina convenzionale, decise di dedicarsi completamente alla ricerca di <\/span><b>metodi di guarigione pi\u00f9 dolci<\/b><span style=\"font-weight: 400;\"> e in armonia con la natura.\u00a0<\/span><span style=\"font-weight: 400;\">Bach era convinto che alla base di ogni malessere fisico ci fosse un <\/span><b>disequilibrio emotivo<\/b><span style=\"font-weight: 400;\"> e che, solo <\/span><a href=\"https:\/\/www.ivanaioriolistica.com\/home\/percorso-emozionale\/\"><span style=\"font-weight: 400;\">ristabilendo questa armonia<\/span><\/a><span style=\"font-weight: 400;\">, l\u2019individuo potesse trovare un vero giovamento.\u00a0<\/span><\/p>\n<p><span style=\"font-weight: 400;\">Bach scelse questi rimedi floreali in base alla segnatura della pianta, in quanto si accorse che in natura, piante, alberi e arbusti hanno forme, colori, saggezza e comportamenti, che possono essere utilizzati come correttori o come deterrenti (dunque in modo omeopatico o allopatico) per correggere gli errori spirituali dell\u2019essere umano.\u00a0<\/span><\/p>\n<p><span style=\"font-weight: 400;\">I Fiori di Bach sono 38. Nel 1934 Edward Bach mise a punto il trentanovesimo rimedio, una miscela di cinque fiori chiamata <\/span><b>Rescue Remedy<\/b><span style=\"font-weight: 400;\">. Questo rimedio pu\u00f2 essere usato come mezzo di primo soccorso in<\/span><b> tutti i casi in cui una persona sia sottoposta a forte stress<\/b><span style=\"font-weight: 400;\">, che va dal trauma fisico a quello psichico, dal lutto all\u2019abbandono, agli esami da sostenere, ai problemi post partum etc.<\/span><\/p>\n<p><span style=\"font-weight: 400;\">Oggi, dopo oltre 90 anni, nonostante siano sempre pi\u00f9 diffusi nuovi sistemi floreali, i Fiori di Bach continuano a essere utilizzati in tutto il mondo, proprio per la loro capacit\u00e0 di <\/span><b>parlare il linguaggio delle emozioni<\/b><span style=\"font-weight: 400;\">, un linguaggio <\/span><b>universale<\/b><span style=\"font-weight: 400;\"> che non passa mai di moda.<\/span><\/p>\n<p><span style=\"font-weight: 400;\">Ecco perch\u00e9 i Fiori di Bach possono essere particolarmente preziosi in primavera, quando le allergie non sono solo una reazione del corpo, ma anche una <\/span><b>risposta emotiva<\/b><span style=\"font-weight: 400;\"> a stimoli e stress che, spesso, si ignorano o sottovalutano.<\/span><\/p>\n<h2><span style=\"font-weight: 400;\">Alcuni Fiori di Bach consigliati per le allergie stagionali<\/span><\/h2>\n<p><span style=\"font-weight: 400;\">Le<\/span><b> allergie primaverili<\/b><span style=\"font-weight: 400;\"> non colpiscono solo il corpo, ma possono essere aggravate o mantenute attive anche da uno <\/span><b>stato emotivo alterato<\/b><span style=\"font-weight: 400;\">. Numerose osservazioni in ambito naturopatico mostrano come lo stress emotivo, la tensione e la stanchezza mentale possano influenzare direttamente <\/span><b>il sistema immunitario<\/b><span style=\"font-weight: 400;\">, rendendoci pi\u00f9<\/span><b> vulnerabili o reattivi agli allergeni<\/b><span style=\"font-weight: 400;\"> stagionali.<\/span><\/p>\n<p><span style=\"font-weight: 400;\">Ecco alcuni Fiori di Bach particolarmente indicati per aiutarti ad affrontare questa fase dell\u2019anno con maggiore serenit\u00e0 e consapevolezza:<\/span><\/p>\n<ul>\n<li style=\"font-weight: 400;\" aria-level=\"1\"><b>Beech (Fagus sylvatica)<\/b><span style=\"font-weight: 400;\">:<\/span> <span style=\"font-weight: 400;\">questo F<\/span><span style=\"font-weight: 400;\">iore aiuta a sviluppare <\/span><b>tolleranza e comprensione<\/b><span style=\"font-weight: 400;\">. Le persone che soffrono di allergie, spesso manifestano a livello emozionale una difficolt\u00e0 a interagire con qualcosa di esterno, percependolo come una minaccia. Beech lavora proprio su questo: aiuta a sciogliere la tensione dovuta all\u2019estraneo, favorendo un atteggiamento pi\u00f9 aperto e flessibile verso l\u2019ambiente, gli altri e anche verso se stessi.\u00a0<\/span><\/li>\n<li style=\"font-weight: 400;\" aria-level=\"1\"><b>Crab Apple (Malus sylvestris)<\/b><span style=\"font-weight: 400;\">: <\/span><span style=\"font-weight: 400;\">\u00e8 conosciuto, tra i Fiori di Bach, come il \u201cgrande depuratore\u201d. Chi soffre di allergie, spesso sente il proprio corpo invaso da qualcosa di estraneo (pollini, polvere, agenti irritanti), proprio come se non si sentisse mai completamente pulito o al sicuro. Crab Apple, aiuta a lavorare su questo stato emotivo, favorendo una maggiore accettazione di s\u00e9 e dell\u2019ambiente.<\/span><\/li>\n<li style=\"font-weight: 400;\" aria-level=\"1\"><b>Walnut (Juglans regia):<\/b><span style=\"font-weight: 400;\"> \u00e8 il Fiore che aiuta a proteggersi dalle influenze esterne e ad adattarsi ai cambiamenti dell\u2019ambiente: nuovi pollini, polveri, fioriture. Per chi \u00e8 molto sensibile, questi mutamenti diventano vere e proprie aggressioni. Nelle allergie di stagione, Walnut \u00e8 prezioso perch\u00e9 riduce la iper-reattivit\u00e0 agli stimoli esterni. Aiuta il corpo a gestire meglio l\u2019adattamento ai ritmi della natura che cambia, in modo da non percepire il cambiamento come una minaccia.\u00a0\u00a0<\/span><\/li>\n<\/ul>\n<p><span style=\"font-weight: 400;\">Questi rimedi ti offrono un sostegno profondo, aiutandoti a ritrovare un equilibrio che parte da dentro e si riflette sul tuo benessere fisico.<\/span><\/p>\n<h2><span style=\"font-weight: 400;\">Come si assumono i Fiori di Bach<\/span><\/h2>\n<p><span style=\"font-weight: 400;\">I Fiori di Bach si assumono per via orale, nella dose di 4 gocce al giorno sotto la lingua.\u00a0<\/span><\/p>\n<p><span style=\"font-weight: 400;\">Ricorda: per ottenere benefici reali e profondi, \u00e8 importante <\/span><b>scegliere sempre i fiori pi\u00f9 adatti<\/b><span style=\"font-weight: 400;\"> alla tua situazione emotiva, perch\u00e9 ognuno di noi \u00e8 unico e ci\u00f2 che funziona per te, potrebbe non funzionare per qualcun altro.\u00a0<\/span><\/p>\n<p><img decoding=\"async\" class=\"lazyload wp-image-2287 aligncenter\" src=\"https:\/\/www.ivanaioriolistica.com\/home\/wp-content\/uploads\/2025\/04\/Ivana-Iori-Consulenza-Naturopatica-Fiori-di-Bach-300x251.png\" data-orig-src=\"https:\/\/www.ivanaioriolistica.com\/home\/wp-content\/uploads\/2025\/04\/Ivana-Iori-Consulenza-Naturopatica-Fiori-di-Bach-300x251.png\" alt=\"Ivana Iori Consulenza Naturopatica Fiori di Bach\" width=\"789\" height=\"660\" srcset=\"data:image\/svg+xml,%3Csvg%20xmlns%3D%27http%3A%2F%2Fwww.w3.org%2F2000%2Fsvg%27%20width%3D%27789%27%20height%3D%27660%27%20viewBox%3D%270%200%20789%20660%27%3E%3Crect%20width%3D%27789%27%20height%3D%27660%27%20fill-opacity%3D%220%22%2F%3E%3C%2Fsvg%3E\" data-srcset=\"https:\/\/www.ivanaioriolistica.com\/home\/wp-content\/uploads\/2025\/04\/Ivana-Iori-Consulenza-Naturopatica-Fiori-di-Bach-200x168.png 200w, https:\/\/www.ivanaioriolistica.com\/home\/wp-content\/uploads\/2025\/04\/Ivana-Iori-Consulenza-Naturopatica-Fiori-di-Bach-300x251.png 300w, https:\/\/www.ivanaioriolistica.com\/home\/wp-content\/uploads\/2025\/04\/Ivana-Iori-Consulenza-Naturopatica-Fiori-di-Bach-400x335.png 400w, https:\/\/www.ivanaioriolistica.com\/home\/wp-content\/uploads\/2025\/04\/Ivana-Iori-Consulenza-Naturopatica-Fiori-di-Bach-600x503.png 600w, https:\/\/www.ivanaioriolistica.com\/home\/wp-content\/uploads\/2025\/04\/Ivana-Iori-Consulenza-Naturopatica-Fiori-di-Bach.png 940w\" data-sizes=\"auto\" data-orig-sizes=\"(max-width: 789px) 100vw, 789px\" \/><\/p>\n<h2><span style=\"font-weight: 400;\">Vuoi sapere quali Fiori di Bach sono adatti a te?<\/span><\/h2>\n<p><b>La selezione dei Fiori di Bach non \u00e8 mai casuale<\/b><span style=\"font-weight: 400;\">: \u00e8 un percorso di ascolto, consapevolezza e trasformazione. Durante una <\/span><a href=\"https:\/\/www.ivanaioriolistica.com\/home\/consulenza-naturopatica-cose-e-come-si-svolge\/\"><span style=\"font-weight: 400;\">consulenza naturopatica personalizzata<\/span><\/a><span style=\"font-weight: 400;\">, andiamo a lavorare insieme non solo sul sintomo, ma sull\u2019<\/span><b>origine emotiva del tuo disagio.<\/b><\/p>\n<p><span style=\"font-weight: 400;\">Se senti che \u00e8 il momento di prenderti davvero cura di te, comincia da dentro. <\/span><a href=\"https:\/\/www.ivanaioriolistica.com\/home\/contatti\/\"><span style=\"font-weight: 400;\">Contattami<\/span><\/a><span style=\"font-weight: 400;\"> per prenotare la tua consulenza e scopri come i Fiori di Bach possono promuovere <\/span><b>un nuovo benessere<\/b><span style=\"font-weight: 400;\">, che parte dall\u2019anima e fiorisce nel corpo.<\/span><\/p>\n<p><b>La forza della natura \u00e8 gi\u00e0 dentro di te<\/b><span style=\"font-weight: 400;\">: <\/span><a href=\"https:\/\/www.ivanaioriolistica.com\/home\/trattamenti-e-corsi\/\"><span style=\"font-weight: 400;\">lasciati guidare<\/span><\/a><span style=\"font-weight: 400;\"> per riscoprirla.<\/span><\/p>\n","protected":false},"excerpt":{"rendered":"<p>Con l\u2019arrivo della primavera, la natura si risveglia, i colori [&hellip;]<\/p>\n","protected":false},"author":4,"featured_media":2487,"comment_status":"closed","ping_status":"closed","sticky":false,"template":"","format":"standard","meta":{"_EventAllDay":false,"_EventTimezone":"","_EventStartDate":"","_EventEndDate":"","_EventStartDateUTC":"","_EventEndDateUTC":"","_EventShowMap":false,"_EventShowMapLink":false,"_EventURL":"","_EventCost":"","_EventCostDescription":"","_EventCurrencySymbol":"","_EventCurrencyCode":"","_EventCurrencyPosition":"","_EventDateTimeSeparator":"","_EventTimeRangeSeparator":"","_EventOrganizerID":[],"_EventVenueID":[],"_OrganizerEmail":"","_OrganizerPhone":"","_OrganizerWebsite":"","_VenueAddress":"","_VenueCity":"","_VenueCountry":"","_VenueProvince":"","_VenueState":"","_VenueZip":"","_VenuePhone":"","_VenueURL":"","_VenueStateProvince":"","_VenueLat":"","_VenueLng":"","_VenueShowMap":false,"_VenueShowMapLink":false,"_themeisle_gutenberg_block_has_review":false,"footnotes":""},"categories":[1,25],"tags":[],"class_list":["post-2285","post","type-post","status-publish","format-standard","has-post-thumbnail","hentry","category-consigli","category-nutrizione-e-benessere"],"yoast_head":"<!-- This site is optimized with the Yoast SEO plugin v25.2 - https:\/\/yoast.com\/wordpress\/plugins\/seo\/ -->\n<title>Fiori di Bach e allergie primaverili<\/title>\n<meta name=\"description\" content=\"Scopri come i Fiori di Bach possono aiutarti a gestire allergie stagionali e stress emotivo. Ritrova equilibrio e benessere in modo naturale!\" \/>\n<meta name=\"robots\" content=\"index, follow, max-snippet:-1, max-image-preview:large, max-video-preview:-1\" \/>\n<link rel=\"canonical\" href=\"https:\/\/www.ivanaioriolistica.com\/home\/fiori-di-bach-e-allergie-primaverili-un-supporto-naturale\/\" \/>\n<meta property=\"og:locale\" content=\"it_IT\" \/>\n<meta property=\"og:type\" content=\"article\" \/>\n<meta property=\"og:title\" content=\"Fiori di Bach e allergie primaverili\" \/>\n<meta property=\"og:description\" content=\"Scopri come i Fiori di Bach possono aiutarti a gestire allergie stagionali e stress emotivo. Ritrova equilibrio e benessere in modo naturale!\" \/>\n<meta property=\"og:url\" content=\"https:\/\/www.ivanaioriolistica.com\/home\/fiori-di-bach-e-allergie-primaverili-un-supporto-naturale\/\" \/>\n<meta property=\"og:site_name\" content=\"Ivana Iori Olistica del Benessere - Massaggi Olbia\" \/>\n<meta property=\"article:published_time\" content=\"2025-04-28T07:59:16+00:00\" \/>\n<meta property=\"article:modified_time\" content=\"2025-11-28T09:29:26+00:00\" \/>\n<meta property=\"og:image\" content=\"https:\/\/www.ivanaioriolistica.com\/home\/wp-content\/uploads\/2025\/11\/fiori-di-bach-ivana-iori-naturopata.png\" \/>\n\t<meta property=\"og:image:width\" content=\"800\" \/>\n\t<meta property=\"og:image:height\" content=\"542\" \/>\n\t<meta property=\"og:image:type\" content=\"image\/png\" \/>\n<meta name=\"author\" content=\"Ivana Iori\" \/>\n<meta name=\"twitter:card\" content=\"summary_large_image\" \/>\n<meta name=\"twitter:label1\" content=\"Scritto da\" \/>\n\t<meta name=\"twitter:data1\" content=\"Ivana Iori\" \/>\n\t<meta name=\"twitter:label2\" content=\"Tempo di lettura stimato\" \/>\n\t<meta name=\"twitter:data2\" content=\"5 minuti\" \/>\n<script type=\"application\/ld+json\" class=\"yoast-schema-graph\">{\"@context\":\"https:\/\/schema.org\",\"@graph\":[{\"@type\":\"WebPage\",\"@id\":\"https:\/\/www.ivanaioriolistica.com\/home\/fiori-di-bach-e-allergie-primaverili-un-supporto-naturale\/\",\"url\":\"https:\/\/www.ivanaioriolistica.com\/home\/fiori-di-bach-e-allergie-primaverili-un-supporto-naturale\/\",\"name\":\"Fiori di Bach e allergie primaverili\",\"isPartOf\":{\"@id\":\"https:\/\/www.ivanaioriolistica.com\/home\/#website\"},\"primaryImageOfPage\":{\"@id\":\"https:\/\/www.ivanaioriolistica.com\/home\/fiori-di-bach-e-allergie-primaverili-un-supporto-naturale\/#primaryimage\"},\"image\":{\"@id\":\"https:\/\/www.ivanaioriolistica.com\/home\/fiori-di-bach-e-allergie-primaverili-un-supporto-naturale\/#primaryimage\"},\"thumbnailUrl\":\"https:\/\/www.ivanaioriolistica.com\/home\/wp-content\/uploads\/2025\/11\/fiori-di-bach-ivana-iori-naturopata.png\",\"datePublished\":\"2025-04-28T07:59:16+00:00\",\"dateModified\":\"2025-11-28T09:29:26+00:00\",\"author\":{\"@id\":\"https:\/\/www.ivanaioriolistica.com\/home\/#\/schema\/person\/9dd1c65650afe9f5d70053f5b229e38c\"},\"description\":\"Scopri come i Fiori di Bach possono aiutarti a gestire allergie stagionali e stress emotivo. Ritrova equilibrio e benessere in modo naturale!\",\"breadcrumb\":{\"@id\":\"https:\/\/www.ivanaioriolistica.com\/home\/fiori-di-bach-e-allergie-primaverili-un-supporto-naturale\/#breadcrumb\"},\"inLanguage\":\"it-IT\",\"potentialAction\":[{\"@type\":\"ReadAction\",\"target\":[\"https:\/\/www.ivanaioriolistica.com\/home\/fiori-di-bach-e-allergie-primaverili-un-supporto-naturale\/\"]}]},{\"@type\":\"ImageObject\",\"inLanguage\":\"it-IT\",\"@id\":\"https:\/\/www.ivanaioriolistica.com\/home\/fiori-di-bach-e-allergie-primaverili-un-supporto-naturale\/#primaryimage\",\"url\":\"https:\/\/www.ivanaioriolistica.com\/home\/wp-content\/uploads\/2025\/11\/fiori-di-bach-ivana-iori-naturopata.png\",\"contentUrl\":\"https:\/\/www.ivanaioriolistica.com\/home\/wp-content\/uploads\/2025\/11\/fiori-di-bach-ivana-iori-naturopata.png\",\"width\":800,\"height\":542,\"caption\":\"fiori-di-bach-ivana-iori-naturopata\"},{\"@type\":\"BreadcrumbList\",\"@id\":\"https:\/\/www.ivanaioriolistica.com\/home\/fiori-di-bach-e-allergie-primaverili-un-supporto-naturale\/#breadcrumb\",\"itemListElement\":[{\"@type\":\"ListItem\",\"position\":1,\"name\":\"Home\",\"item\":\"https:\/\/www.ivanaioriolistica.com\/home\/\"},{\"@type\":\"ListItem\",\"position\":2,\"name\":\"Fiori di Bach e allergie primaverili: un supporto naturale per corpo ed emozioni\"}]},{\"@type\":\"WebSite\",\"@id\":\"https:\/\/www.ivanaioriolistica.com\/home\/#website\",\"url\":\"https:\/\/www.ivanaioriolistica.com\/home\/\",\"name\":\"Ivana Iori Olistica del Benessere - Massaggi Olbia\",\"description\":\"Riequilibrio Energetico e Benessere Psicofisico\",\"potentialAction\":[{\"@type\":\"SearchAction\",\"target\":{\"@type\":\"EntryPoint\",\"urlTemplate\":\"https:\/\/www.ivanaioriolistica.com\/home\/?s={search_term_string}\"},\"query-input\":{\"@type\":\"PropertyValueSpecification\",\"valueRequired\":true,\"valueName\":\"search_term_string\"}}],\"inLanguage\":\"it-IT\"},{\"@type\":\"Person\",\"@id\":\"https:\/\/www.ivanaioriolistica.com\/home\/#\/schema\/person\/9dd1c65650afe9f5d70053f5b229e38c\",\"name\":\"Ivana Iori\",\"image\":{\"@type\":\"ImageObject\",\"inLanguage\":\"it-IT\",\"@id\":\"https:\/\/www.ivanaioriolistica.com\/home\/#\/schema\/person\/image\/\",\"url\":\"https:\/\/secure.gravatar.com\/avatar\/247ca190ca08167c22a7d38fc1145653587a8991649f4e0625a77ee92d21df24?s=96&d=mm&r=g\",\"contentUrl\":\"https:\/\/secure.gravatar.com\/avatar\/247ca190ca08167c22a7d38fc1145653587a8991649f4e0625a77ee92d21df24?s=96&d=mm&r=g\",\"caption\":\"Ivana Iori\"},\"description\":\"Sono Naturopata, Reiki Multimaster, Operatrice Olistica del massaggio, Biomagnetista, Professionista del benessere psicofisico tramite il massaggio BioNaturale, Love Coach e specializzata in Naturopatia funzionale.\",\"url\":\"https:\/\/www.ivanaioriolistica.com\/home\/author\/irene-speretta\/\"}]}<\/script>\n<!-- \/ Yoast SEO plugin. -->","yoast_head_json":{"title":"Fiori di Bach e allergie primaverili","description":"Scopri come i Fiori di Bach possono aiutarti a gestire allergie stagionali e stress emotivo. Ritrova equilibrio e benessere in modo naturale!","robots":{"index":"index","follow":"follow","max-snippet":"max-snippet:-1","max-image-preview":"max-image-preview:large","max-video-preview":"max-video-preview:-1"},"canonical":"https:\/\/www.ivanaioriolistica.com\/home\/fiori-di-bach-e-allergie-primaverili-un-supporto-naturale\/","og_locale":"it_IT","og_type":"article","og_title":"Fiori di Bach e allergie primaverili","og_description":"Scopri come i Fiori di Bach possono aiutarti a gestire allergie stagionali e stress emotivo. Ritrova equilibrio e benessere in modo naturale!","og_url":"https:\/\/www.ivanaioriolistica.com\/home\/fiori-di-bach-e-allergie-primaverili-un-supporto-naturale\/","og_site_name":"Ivana Iori Olistica del Benessere - Massaggi Olbia","article_published_time":"2025-04-28T07:59:16+00:00","article_modified_time":"2025-11-28T09:29:26+00:00","og_image":[{"width":800,"height":542,"url":"https:\/\/www.ivanaioriolistica.com\/home\/wp-content\/uploads\/2025\/11\/fiori-di-bach-ivana-iori-naturopata.png","type":"image\/png"}],"author":"Ivana Iori","twitter_card":"summary_large_image","twitter_misc":{"Scritto da":"Ivana Iori","Tempo di lettura stimato":"5 minuti"},"schema":{"@context":"https:\/\/schema.org","@graph":[{"@type":"WebPage","@id":"https:\/\/www.ivanaioriolistica.com\/home\/fiori-di-bach-e-allergie-primaverili-un-supporto-naturale\/","url":"https:\/\/www.ivanaioriolistica.com\/home\/fiori-di-bach-e-allergie-primaverili-un-supporto-naturale\/","name":"Fiori di Bach e allergie primaverili","isPartOf":{"@id":"https:\/\/www.ivanaioriolistica.com\/home\/#website"},"primaryImageOfPage":{"@id":"https:\/\/www.ivanaioriolistica.com\/home\/fiori-di-bach-e-allergie-primaverili-un-supporto-naturale\/#primaryimage"},"image":{"@id":"https:\/\/www.ivanaioriolistica.com\/home\/fiori-di-bach-e-allergie-primaverili-un-supporto-naturale\/#primaryimage"},"thumbnailUrl":"https:\/\/www.ivanaioriolistica.com\/home\/wp-content\/uploads\/2025\/11\/fiori-di-bach-ivana-iori-naturopata.png","datePublished":"2025-04-28T07:59:16+00:00","dateModified":"2025-11-28T09:29:26+00:00","author":{"@id":"https:\/\/www.ivanaioriolistica.com\/home\/#\/schema\/person\/9dd1c65650afe9f5d70053f5b229e38c"},"description":"Scopri come i Fiori di Bach possono aiutarti a gestire allergie stagionali e stress emotivo. Ritrova equilibrio e benessere in modo naturale!","breadcrumb":{"@id":"https:\/\/www.ivanaioriolistica.com\/home\/fiori-di-bach-e-allergie-primaverili-un-supporto-naturale\/#breadcrumb"},"inLanguage":"it-IT","potentialAction":[{"@type":"ReadAction","target":["https:\/\/www.ivanaioriolistica.com\/home\/fiori-di-bach-e-allergie-primaverili-un-supporto-naturale\/"]}]},{"@type":"ImageObject","inLanguage":"it-IT","@id":"https:\/\/www.ivanaioriolistica.com\/home\/fiori-di-bach-e-allergie-primaverili-un-supporto-naturale\/#primaryimage","url":"https:\/\/www.ivanaioriolistica.com\/home\/wp-content\/uploads\/2025\/11\/fiori-di-bach-ivana-iori-naturopata.png","contentUrl":"https:\/\/www.ivanaioriolistica.com\/home\/wp-content\/uploads\/2025\/11\/fiori-di-bach-ivana-iori-naturopata.png","width":800,"height":542,"caption":"fiori-di-bach-ivana-iori-naturopata"},{"@type":"BreadcrumbList","@id":"https:\/\/www.ivanaioriolistica.com\/home\/fiori-di-bach-e-allergie-primaverili-un-supporto-naturale\/#breadcrumb","itemListElement":[{"@type":"ListItem","position":1,"name":"Home","item":"https:\/\/www.ivanaioriolistica.com\/home\/"},{"@type":"ListItem","position":2,"name":"Fiori di Bach e allergie primaverili: un supporto naturale per corpo ed emozioni"}]},{"@type":"WebSite","@id":"https:\/\/www.ivanaioriolistica.com\/home\/#website","url":"https:\/\/www.ivanaioriolistica.com\/home\/","name":"Ivana Iori Olistica del Benessere - Massaggi Olbia","description":"Riequilibrio Energetico e Benessere Psicofisico","potentialAction":[{"@type":"SearchAction","target":{"@type":"EntryPoint","urlTemplate":"https:\/\/www.ivanaioriolistica.com\/home\/?s={search_term_string}"},"query-input":{"@type":"PropertyValueSpecification","valueRequired":true,"valueName":"search_term_string"}}],"inLanguage":"it-IT"},{"@type":"Person","@id":"https:\/\/www.ivanaioriolistica.com\/home\/#\/schema\/person\/9dd1c65650afe9f5d70053f5b229e38c","name":"Ivana Iori","image":{"@type":"ImageObject","inLanguage":"it-IT","@id":"https:\/\/www.ivanaioriolistica.com\/home\/#\/schema\/person\/image\/","url":"https:\/\/secure.gravatar.com\/avatar\/247ca190ca08167c22a7d38fc1145653587a8991649f4e0625a77ee92d21df24?s=96&d=mm&r=g","contentUrl":"https:\/\/secure.gravatar.com\/avatar\/247ca190ca08167c22a7d38fc1145653587a8991649f4e0625a77ee92d21df24?s=96&d=mm&r=g","caption":"Ivana Iori"},"description":"Sono Naturopata, Reiki Multimaster, Operatrice Olistica del massaggio, Biomagnetista, Professionista del benessere psicofisico tramite il massaggio BioNaturale, Love Coach e specializzata in Naturopatia funzionale.","url":"https:\/\/www.ivanaioriolistica.com\/home\/author\/irene-speretta\/"}]}},"_links":{"self":[{"href":"https:\/\/www.ivanaioriolistica.com\/home\/wp-json\/wp\/v2\/posts\/2285","targetHints":{"allow":["GET"]}}],"collection":[{"href":"https:\/\/www.ivanaioriolistica.com\/home\/wp-json\/wp\/v2\/posts"}],"about":[{"href":"https:\/\/www.ivanaioriolistica.com\/home\/wp-json\/wp\/v2\/types\/post"}],"author":[{"embeddable":true,"href":"https:\/\/www.ivanaioriolistica.com\/home\/wp-json\/wp\/v2\/users\/4"}],"replies":[{"embeddable":true,"href":"https:\/\/www.ivanaioriolistica.com\/home\/wp-json\/wp\/v2\/comments?post=2285"}],"version-history":[{"count":3,"href":"https:\/\/www.ivanaioriolistica.com\/home\/wp-json\/wp\/v2\/posts\/2285\/revisions"}],"predecessor-version":[{"id":2432,"href":"https:\/\/www.ivanaioriolistica.com\/home\/wp-json\/wp\/v2\/posts\/2285\/revisions\/2432"}],"wp:featuredmedia":[{"embeddable":true,"href":"https:\/\/www.ivanaioriolistica.com\/home\/wp-json\/wp\/v2\/media\/2487"}],"wp:attachment":[{"href":"https:\/\/www.ivanaioriolistica.com\/home\/wp-json\/wp\/v2\/media?parent=2285"}],"wp:term":[{"taxonomy":"category","embeddable":true,"href":"https:\/\/www.ivanaioriolistica.com\/home\/wp-json\/wp\/v2\/categories?post=2285"},{"taxonomy":"post_tag","embeddable":true,"href":"https:\/\/www.ivanaioriolistica.com\/home\/wp-json\/wp\/v2\/tags?post=2285"}],"curies":[{"name":"wp","href":"https:\/\/api.w.org\/{rel}","templated":true}]}}