{"id":2368,"date":"2025-06-06T09:43:40","date_gmt":"2025-06-06T07:43:40","guid":{"rendered":"https:\/\/www.ivanaioriolistica.com\/home\/?p=2368"},"modified":"2025-11-28T10:29:00","modified_gmt":"2025-11-28T09:29:00","slug":"frutti-della-saggezza-i-5-alleati-naturali-per-affrontare-il-caldo-estivo","status":"publish","type":"post","link":"https:\/\/www.ivanaioriolistica.com\/home\/frutti-della-saggezza-i-5-alleati-naturali-per-affrontare-il-caldo-estivo\/","title":{"rendered":"Frutti della saggezza: i 5 alleati naturali per affrontare il caldo estivo"},"content":{"rendered":"<p><span style=\"font-weight: 400;\">\u00a0<\/span><span style=\"font-weight: 400;\">Con l&#8217;arrivo dell&#8217;estate, il nostro corpo inizia naturalmente a cercare freschezza e leggerezza. Non \u00e8 un caso, che proprio in questo periodo dell\u2019anno, iniziamo a desiderare istintivamente<\/span><b> cibi pi\u00f9 leggeri, frutta ricca d\u2019acqua e alimenti dalle propriet\u00e0 rinfrescanti.<\/b><span style=\"font-weight: 400;\">\u00a0<\/span><\/p>\n<p><span style=\"font-weight: 400;\">La natura, nella sua infinita saggezza, ha perfettamente sincronizzato i suoi doni con i nostri bisogni: quando il caldo si fa sentire, ecco che maturano frutti straordinari, veri concentrati di benessere e idratazione. La <\/span><b>naturopatia<\/b><span style=\"font-weight: 400;\"> riconosce in questa perfetta sintonia uno dei suoi principi fondamentali: <\/span><b>ascoltare il corpo e assecondare i suoi ritmi biologici<\/b><span style=\"font-weight: 400;\">. La frutta estiva \u00e8, sia un piacere per il palato, sia un alleato prezioso per sostenere il nostro organismo durante i mesi pi\u00f9 caldi dell\u2019anno.<\/span><\/p>\n<p><span style=\"font-weight: 400;\">Oggi esploreremo insieme cinque dei &#8220;frutti della saggezza&#8221;. Scopriremo le loro straordinarie propriet\u00e0, e come utilizzarli in modi che forse ancora non conosci.<\/span><\/p>\n<h2><span style=\"font-weight: 400;\">Anguria: potere idratante e diuretico<\/span><\/h2>\n<p><span style=\"font-weight: 400;\">L\u2019anguria \u00e8 uno dei frutti pi\u00f9 dissetanti in assoluto: composta per oltre il 92% di acqua, fresca e deliziosa, contiene <\/span><b>licopene<\/b><span style=\"font-weight: 400;\">, un potente antiossidante utile per <\/span><b>proteggere la pelle dai danni del sole<\/b><span style=\"font-weight: 400;\">.<\/span><b>\u00a0<\/b><span style=\"font-weight: 400;\">Contiene anche <\/span><b>citrullina<\/b><span style=\"font-weight: 400;\">, un amminoacido che favorisce la dilatazione dei vasi sanguigni e <\/span><b>migliora la circolazione<\/b><span style=\"font-weight: 400;\">, e<\/span><b> potassio<\/b><span style=\"font-weight: 400;\">, minerale fondamentale per la regolazione della pressione e il<\/span><b> benessere muscolare.<\/b><\/p>\n<p><span style=\"font-weight: 400;\">Ha un\u2019<\/span><b>azione diuretica<\/b><span style=\"font-weight: 400;\"> naturale, aiuta a <\/span><b>ridurre la ritenzione idrica<\/b><span style=\"font-weight: 400;\"> e sostiene la <\/span><b>funzione renale <\/b><span style=\"font-weight: 400;\">in modo delicato. \u00c8 anche un frutto<\/span><b> rimineralizzante<\/b><span style=\"font-weight: 400;\">, ideale dopo l\u2019attivit\u00e0 fisica o momenti di sudorazione intensa.\u00a0<\/span><\/p>\n<p><span style=\"font-weight: 400;\">Oltre ai consumi classici, come a fette o nei sorbetti, hai mai provato un centrifugato con menta e lime per un effetto rinfrescante istantaneo? Potresti anche preparare un\u2019<\/span><b>acqua aromatizzata<\/b><span style=\"font-weight: 400;\"> con la buccia dell\u2019anguria (preferibilmente biologica), ottima da sorseggiare durante la giornata.\u00a0<\/span><span style=\"font-weight: 400;\">I <\/span><b>semi<\/b><span style=\"font-weight: 400;\">, spesso trascurati, possono invece essere tostati e consumati come <\/span><b>snack ricco di zinco<\/b><span style=\"font-weight: 400;\">: piccoli gesti che ci aiutano a stare meglio e a non sprecare nulla della generosit\u00e0 della natura.<\/span><\/p>\n<h2><span style=\"font-weight: 400;\">Melone: effetto depurativo e leggerezza<\/span><\/h2>\n<p><span style=\"font-weight: 400;\">Dolce, profumato, ricco di raggi del sole trasformati in nutrimento: il melone \u00e8 una fonte preziosa di <\/span><b>betacarotene, potassio e sostanze alcalinizzanti.<\/b><span style=\"font-weight: 400;\"> \u00c8 il frutto ideale per depurare in profondit\u00e0, alleggerire fegato e intestino e restituire al corpo una sensazione di leggerezza e apertura.<\/span><\/p>\n<p><span style=\"font-weight: 400;\">Grazie alla sua ricchezza d\u2019acqua e fibre, ha un\u2019<\/span><b>azione depurativa<\/b><span style=\"font-weight: 400;\"> che aiuta il corpo a eliminare scorie e gonfiori. Inoltre, \u00e8 un alimento leggero e facilmente digeribile, perfetto nelle giornate in cui il caldo toglie l\u2019appetito ma il corpo ha bisogno di energia vitale e idratazione.<\/span><\/p>\n<p><span style=\"font-weight: 400;\">Avrai sicuramente gi\u00e0 provato il classico abbinamento con il prosciutto crudo, ma il melone si pu\u00f2 consumare in tanti modi diversi: un <\/span><b>gazpacho<\/b><span style=\"font-weight: 400;\"> di melone e basilico, un <\/span><b>centrifugato<\/b><span style=\"font-weight: 400;\"> con zenzero per stimolare la digestione, oppure <\/span><b>accostato a formaggi freschi <\/b><span style=\"font-weight: 400;\">e delicati, per un pasto equilibrato. Il melone ci insegna l\u2019arte della semplicit\u00e0: pochi ingredienti possono creare un piatto armonioso e completo.<\/span><\/p>\n<h2><span style=\"font-weight: 400;\">Ciliegie: azione antinfiammatoria e drenante<\/span><\/h2>\n<h2><img decoding=\"async\" class=\"lazyload aligncenter wp-image-2371 size-fusion-800\" src=\"https:\/\/www.ivanaioriolistica.com\/home\/wp-content\/uploads\/2025\/06\/frutti-della-saggezza-ciliegie-ivana-iori-800x532.png\" data-orig-src=\"https:\/\/www.ivanaioriolistica.com\/home\/wp-content\/uploads\/2025\/06\/frutti-della-saggezza-ciliegie-ivana-iori-800x532.png\" alt=\"frutti-della-saggezza-ciliegie-ivana-iori\" width=\"800\" height=\"532\" srcset=\"data:image\/svg+xml,%3Csvg%20xmlns%3D%27http%3A%2F%2Fwww.w3.org%2F2000%2Fsvg%27%20width%3D%27800%27%20height%3D%27532%27%20viewBox%3D%270%200%20800%20532%27%3E%3Crect%20width%3D%27800%27%20height%3D%27532%27%20fill-opacity%3D%220%22%2F%3E%3C%2Fsvg%3E\" data-srcset=\"https:\/\/www.ivanaioriolistica.com\/home\/wp-content\/uploads\/2025\/06\/frutti-della-saggezza-ciliegie-ivana-iori-200x133.png 200w, https:\/\/www.ivanaioriolistica.com\/home\/wp-content\/uploads\/2025\/06\/frutti-della-saggezza-ciliegie-ivana-iori-300x200.png 300w, https:\/\/www.ivanaioriolistica.com\/home\/wp-content\/uploads\/2025\/06\/frutti-della-saggezza-ciliegie-ivana-iori-400x266.png 400w, https:\/\/www.ivanaioriolistica.com\/home\/wp-content\/uploads\/2025\/06\/frutti-della-saggezza-ciliegie-ivana-iori-600x399.png 600w, https:\/\/www.ivanaioriolistica.com\/home\/wp-content\/uploads\/2025\/06\/frutti-della-saggezza-ciliegie-ivana-iori-768x511.png 768w, https:\/\/www.ivanaioriolistica.com\/home\/wp-content\/uploads\/2025\/06\/frutti-della-saggezza-ciliegie-ivana-iori-800x532.png 800w, https:\/\/www.ivanaioriolistica.com\/home\/wp-content\/uploads\/2025\/06\/frutti-della-saggezza-ciliegie-ivana-iori-1024x681.png 1024w, https:\/\/www.ivanaioriolistica.com\/home\/wp-content\/uploads\/2025\/06\/frutti-della-saggezza-ciliegie-ivana-iori.png 1042w\" data-sizes=\"auto\" data-orig-sizes=\"(max-width: 800px) 100vw, 800px\" \/><\/h2>\n<p><span style=\"font-weight: 400;\">Piccole, lucide, rosse come il cuore: le ciliegie sono tra i frutti pi\u00f9 amati e pi\u00f9 ricchi di propriet\u00e0. Contengono <\/span><b>antociani (potenti antiossidanti), melatonina e acido malico<\/b><span style=\"font-weight: 400;\">, sostanze che aiutano il corpo a ridurre l\u2019infiammazione, eliminare liquidi in eccesso e migliorare la qualit\u00e0 del sonno.<\/span><\/p>\n<p><span style=\"font-weight: 400;\">Le ciliegie sono utili nei periodi in cui il corpo manifesta segni di sovraccarico: stanchezza persistente, gonfiore, dolori muscolari o insonnia. Sono frutti che accompagnano dolcemente il corpo verso il<\/span><b> rilascio, fisico ed emotivo.<\/b><\/p>\n<p><span style=\"font-weight: 400;\">Oltre a gustarle fresche o nelle confetture, prova un <\/span><b>infuso preparato con i piccioli<\/b><span style=\"font-weight: 400;\">, perfetto per il drenaggio dei liquidi. E per concederti una coccola consapevole: <\/span><b>ciliegie e cioccolato fondente,<\/b><span style=\"font-weight: 400;\"> un abbraccio tra sapore e benessere. Insieme non solo deliziano i sensi, ma <\/span><b>uniscono i loro poteri antiossidanti<\/b><span style=\"font-weight: 400;\"> in una sinergia naturale che nutre corpo, cuore e mente. Un piccolo gesto di piacere che, se vissuto con presenza, diventa un momento di connessione e cura.\u00a0<\/span><\/p>\n<h2><span style=\"font-weight: 400;\">Ananas: enzimi digestivi e benessere addominale<\/span><\/h2>\n<p><span style=\"font-weight: 400;\">L\u2019ananas \u00e8 un frutto tropicale che la natura ha reso perfetto per stimolare e alleggerire la digestione. Ricca di <\/span><b>bromelina<\/b><span style=\"font-weight: 400;\">, un enzima naturale con <\/span><b>propriet\u00e0 digestive e antinfiammatorie,<\/b><span style=\"font-weight: 400;\"> \u00e8 utile anche per il <\/span><a href=\"https:\/\/www.ivanaioriolistica.com\/home\/massaggio-linfodrenante-leggerezza-per-corpo-mente-e-anima\/\"><span style=\"font-weight: 400;\">drenaggio linfatico<\/span><\/a><span style=\"font-weight: 400;\"> e la riduzione del gonfiore addominale. <\/span><span style=\"font-weight: 400;\">Oltre alla <\/span><b>vitamina C<\/b><span style=\"font-weight: 400;\">, fondamentale per il sistema immunitario, l\u2019ananas apporta <\/span><b>manganese<\/b><span style=\"font-weight: 400;\">, supporto per la formazione del collagene e la salute delle ossa, <\/span><b>e fibre<\/b><span style=\"font-weight: 400;\"> che favoriscono il transito intestinale.\u00a0<\/span><\/p>\n<p><span style=\"font-weight: 400;\">\u00c8 ottima consumata da sola o in macedonia, ma puoi usarla anche in piatti salati come <\/span><b>carpacci vegetali<\/b><span style=\"font-weight: 400;\">, oppure <\/span><b>grigliarla con della cannella<\/b><span style=\"font-weight: 400;\"> per intensificarne le propriet\u00e0. Se ami le spezie, prova ad abbinarla a peperoncino o zenzero: un mix esplosivo per attivare il metabolismo e stimolare la digestione in modo naturale.<\/span><\/p>\n<p><span style=\"font-weight: 400;\">Una <\/span><b>tisana prodotta tramite infusione della sua buccia<\/b><span style=\"font-weight: 400;\"> \u00e8 eccellente dopo i pasti. La buccia, spesso sottovalutata, contiene una buona concentrazione di <\/span><b>bromelina<\/b><span style=\"font-weight: 400;\">, favorisce la scomposizione delle proteine, riducendo il gonfiore e alleggerendo il lavoro dello stomaco. Un modo semplice per<\/span><b> trasformare uno \u201cscarto\u201d in un alleato prezioso<\/b><span style=\"font-weight: 400;\"> per il benessere quotidiano.\u00a0<\/span><\/p>\n<h2><span style=\"font-weight: 400;\">Cetriolo: propriet\u00e0 rinfrescanti e alcalinizzanti<\/span><\/h2>\n<p><img decoding=\"async\" class=\"lazyload aligncenter size-fusion-800 wp-image-2370\" src=\"https:\/\/www.ivanaioriolistica.com\/home\/wp-content\/uploads\/2025\/06\/frutti-della-saggezza-cetriolo-ivana-iori-800x522.png\" data-orig-src=\"https:\/\/www.ivanaioriolistica.com\/home\/wp-content\/uploads\/2025\/06\/frutti-della-saggezza-cetriolo-ivana-iori-800x522.png\" alt=\"frutti-della-saggezza-cetriolo-ivana-iori\" width=\"800\" height=\"522\" srcset=\"data:image\/svg+xml,%3Csvg%20xmlns%3D%27http%3A%2F%2Fwww.w3.org%2F2000%2Fsvg%27%20width%3D%27800%27%20height%3D%27522%27%20viewBox%3D%270%200%20800%20522%27%3E%3Crect%20width%3D%27800%27%20height%3D%27522%27%20fill-opacity%3D%220%22%2F%3E%3C%2Fsvg%3E\" data-srcset=\"https:\/\/www.ivanaioriolistica.com\/home\/wp-content\/uploads\/2025\/06\/frutti-della-saggezza-cetriolo-ivana-iori-200x130.png 200w, https:\/\/www.ivanaioriolistica.com\/home\/wp-content\/uploads\/2025\/06\/frutti-della-saggezza-cetriolo-ivana-iori-300x196.png 300w, https:\/\/www.ivanaioriolistica.com\/home\/wp-content\/uploads\/2025\/06\/frutti-della-saggezza-cetriolo-ivana-iori-400x261.png 400w, https:\/\/www.ivanaioriolistica.com\/home\/wp-content\/uploads\/2025\/06\/frutti-della-saggezza-cetriolo-ivana-iori-600x391.png 600w, https:\/\/www.ivanaioriolistica.com\/home\/wp-content\/uploads\/2025\/06\/frutti-della-saggezza-cetriolo-ivana-iori-768x501.png 768w, https:\/\/www.ivanaioriolistica.com\/home\/wp-content\/uploads\/2025\/06\/frutti-della-saggezza-cetriolo-ivana-iori-800x522.png 800w, https:\/\/www.ivanaioriolistica.com\/home\/wp-content\/uploads\/2025\/06\/frutti-della-saggezza-cetriolo-ivana-iori-1024x668.png 1024w, https:\/\/www.ivanaioriolistica.com\/home\/wp-content\/uploads\/2025\/06\/frutti-della-saggezza-cetriolo-ivana-iori.png 1043w\" data-sizes=\"auto\" data-orig-sizes=\"(max-width: 800px) 100vw, 800px\" \/><\/p>\n<p><span style=\"font-weight: 400;\">Il cetriolo \u00e8 uno dei frutti pi\u00f9 rinfrescanti e idratanti che ci regala l\u2019estate. La sua composizione, per il 95% di acqua, lo rende perfetto per<\/span><b> riequilibrare i liquidi corporei, contrastare il caldo e sostenere i reni <\/b><span style=\"font-weight: 400;\">nel loro lavoro di filtraggio.<\/span><\/p>\n<p><span style=\"font-weight: 400;\">Contiene <\/span><b>silicio<\/b><span style=\"font-weight: 400;\">, importante per il benessere della pelle e dei tessuti connettivi, <\/span><b>potassio <\/b><span style=\"font-weight: 400;\">e altri<\/span><b> sali minerali<\/b><span style=\"font-weight: 400;\"> che supportano la circolazione e aiutano a combattere la sensazione di gonfiore. \u00c8 anche <\/span><b>alcalinizzante<\/b><span style=\"font-weight: 400;\">, ovvero aiuta a riequilibrare l\u2019acidit\u00e0 dell\u2019organismo, spesso alterata da stress e alimentazione sbilanciata.<\/span><\/p>\n<p><span style=\"font-weight: 400;\">Oltre alle classiche insalate o allo tzatziki, prova un <\/span><b>centrifugato con lime e basilico<\/b><span style=\"font-weight: 400;\">, un <\/span><b>gazpacho<\/b><span style=\"font-weight: 400;\"> verde detox oppure un\u2019<\/span><b>acqua aromatizzata<\/b><span style=\"font-weight: 400;\"> con menta e cetriolo. L<\/span><span style=\"font-weight: 400;\">a buccia inoltre, applicata sulla pelle, \u00e8 un rimedio naturale per rossori e infiammazioni: la natura ci ricorda che la bellezza inizia da dentro, ma pu\u00f2 essere nutrita anche da fuori.<\/span><\/p>\n<h2><span style=\"font-weight: 400;\">Dalla natura al benessere su misura: il percorso naturopatico<\/span><\/h2>\n<p><span style=\"font-weight: 400;\">Ogni stagione ha i suoi doni e i suoi messaggi. L\u2019estate ci invita a <\/span><b>espanderci, alleggerirci, brillare.<\/b><span style=\"font-weight: 400;\"> I frutti che maturano in questo periodo non sono casuali: contengono la risposta a ci\u00f2 che il corpo chiede per adattarsi con semplicit\u00e0 al calore, al movimento, alla luce intensa.<\/span><\/p>\n<p><span style=\"font-weight: 400;\">Tuttavia, ogni persona \u00e8 unica, e ci\u00f2 che funziona per una pu\u00f2 non essere adatto a un\u2019altra. La <\/span><b>personalizzazione<\/b><span style=\"font-weight: 400;\"> \u00e8 importante: solo <\/span><b>ascoltando i segnali del corpo<\/b><span style=\"font-weight: 400;\"> e comprendendo le proprie esigenze, \u00e8 possibile trovare la giusta combinazione di alimenti e pratiche per affrontare l\u2019estate con energia, benessere e serenit\u00e0.<\/span><\/p>\n<p><span style=\"font-weight: 400;\">Se desideri comprendere meglio quali alimenti, combinazioni e ritmi sono giusti per te, <\/span><a href=\"https:\/\/www.ivanaioriolistica.com\/home\/contatti\/\"><b>prenota una consulenza naturopatica personalizzata<\/b><\/a><span style=\"font-weight: 400;\">.\u00a0<\/span><span style=\"font-weight: 400;\">Insieme possiamo creare il tuo percorso, fatto di semplicit\u00e0, piacere e connessione profonda con te stesso e i doni della natura.<\/span><\/p>\n","protected":false},"excerpt":{"rendered":"<p>\u00a0Con l&#8217;arrivo dell&#8217;estate, il nostro corpo inizia naturalmente a cercare [&hellip;]<\/p>\n","protected":false},"author":4,"featured_media":2488,"comment_status":"closed","ping_status":"closed","sticky":false,"template":"","format":"standard","meta":{"_EventAllDay":false,"_EventTimezone":"","_EventStartDate":"","_EventEndDate":"","_EventStartDateUTC":"","_EventEndDateUTC":"","_EventShowMap":false,"_EventShowMapLink":false,"_EventURL":"","_EventCost":"","_EventCostDescription":"","_EventCurrencySymbol":"","_EventCurrencyCode":"","_EventCurrencyPosition":"","_EventDateTimeSeparator":"","_EventTimeRangeSeparator":"","_EventOrganizerID":[],"_EventVenueID":[],"_OrganizerEmail":"","_OrganizerPhone":"","_OrganizerWebsite":"","_VenueAddress":"","_VenueCity":"","_VenueCountry":"","_VenueProvince":"","_VenueState":"","_VenueZip":"","_VenuePhone":"","_VenueURL":"","_VenueStateProvince":"","_VenueLat":"","_VenueLng":"","_VenueShowMap":false,"_VenueShowMapLink":false,"_themeisle_gutenberg_block_has_review":false,"footnotes":""},"categories":[1,25],"tags":[],"class_list":["post-2368","post","type-post","status-publish","format-standard","has-post-thumbnail","hentry","category-consigli","category-nutrizione-e-benessere"],"yoast_head":"<!-- This site is optimized with the Yoast SEO plugin v25.2 - https:\/\/yoast.com\/wordpress\/plugins\/seo\/ -->\n<title>Frutti della saggezza: i 5 alleati naturali per affrontare il caldo estivo<\/title>\n<meta name=\"description\" content=\"Questa frutta estiva ha propriet\u00e0 idratanti, depurative e antinfiammatorie: scopriamo insieme i rimedi naturali per affrontare il caldo.\" \/>\n<meta name=\"robots\" content=\"index, follow, max-snippet:-1, max-image-preview:large, max-video-preview:-1\" \/>\n<link rel=\"canonical\" href=\"https:\/\/www.ivanaioriolistica.com\/home\/frutti-della-saggezza-i-5-alleati-naturali-per-affrontare-il-caldo-estivo\/\" \/>\n<meta property=\"og:locale\" content=\"it_IT\" \/>\n<meta property=\"og:type\" content=\"article\" \/>\n<meta property=\"og:title\" content=\"Frutti della saggezza: i 5 alleati naturali per affrontare il caldo estivo\" \/>\n<meta property=\"og:description\" content=\"Questa frutta estiva ha propriet\u00e0 idratanti, depurative e antinfiammatorie: scopriamo insieme i rimedi naturali per affrontare il caldo.\" \/>\n<meta property=\"og:url\" content=\"https:\/\/www.ivanaioriolistica.com\/home\/frutti-della-saggezza-i-5-alleati-naturali-per-affrontare-il-caldo-estivo\/\" \/>\n<meta property=\"og:site_name\" content=\"Ivana Iori Olistica del Benessere - Massaggi Olbia\" \/>\n<meta property=\"article:published_time\" content=\"2025-06-06T07:43:40+00:00\" \/>\n<meta property=\"article:modified_time\" content=\"2025-11-28T09:29:00+00:00\" \/>\n<meta property=\"og:image\" content=\"https:\/\/www.ivanaioriolistica.com\/home\/wp-content\/uploads\/2025\/11\/frutta-estiva-della-saggezza-anguria-ivana-iori.png\" \/>\n\t<meta property=\"og:image:width\" content=\"800\" \/>\n\t<meta property=\"og:image:height\" content=\"542\" \/>\n\t<meta property=\"og:image:type\" content=\"image\/png\" \/>\n<meta name=\"author\" content=\"Ivana Iori\" \/>\n<meta name=\"twitter:card\" content=\"summary_large_image\" \/>\n<meta name=\"twitter:label1\" content=\"Scritto da\" \/>\n\t<meta name=\"twitter:data1\" content=\"Ivana Iori\" \/>\n\t<meta name=\"twitter:label2\" content=\"Tempo di lettura stimato\" \/>\n\t<meta name=\"twitter:data2\" content=\"7 minuti\" \/>\n<script type=\"application\/ld+json\" class=\"yoast-schema-graph\">{\"@context\":\"https:\/\/schema.org\",\"@graph\":[{\"@type\":\"WebPage\",\"@id\":\"https:\/\/www.ivanaioriolistica.com\/home\/frutti-della-saggezza-i-5-alleati-naturali-per-affrontare-il-caldo-estivo\/\",\"url\":\"https:\/\/www.ivanaioriolistica.com\/home\/frutti-della-saggezza-i-5-alleati-naturali-per-affrontare-il-caldo-estivo\/\",\"name\":\"Frutti della saggezza: i 5 alleati naturali per affrontare il caldo estivo\",\"isPartOf\":{\"@id\":\"https:\/\/www.ivanaioriolistica.com\/home\/#website\"},\"primaryImageOfPage\":{\"@id\":\"https:\/\/www.ivanaioriolistica.com\/home\/frutti-della-saggezza-i-5-alleati-naturali-per-affrontare-il-caldo-estivo\/#primaryimage\"},\"image\":{\"@id\":\"https:\/\/www.ivanaioriolistica.com\/home\/frutti-della-saggezza-i-5-alleati-naturali-per-affrontare-il-caldo-estivo\/#primaryimage\"},\"thumbnailUrl\":\"https:\/\/www.ivanaioriolistica.com\/home\/wp-content\/uploads\/2025\/11\/frutta-estiva-della-saggezza-anguria-ivana-iori.png\",\"datePublished\":\"2025-06-06T07:43:40+00:00\",\"dateModified\":\"2025-11-28T09:29:00+00:00\",\"author\":{\"@id\":\"https:\/\/www.ivanaioriolistica.com\/home\/#\/schema\/person\/9dd1c65650afe9f5d70053f5b229e38c\"},\"description\":\"Questa frutta estiva ha propriet\u00e0 idratanti, depurative e antinfiammatorie: scopriamo insieme i rimedi naturali per affrontare il caldo.\",\"breadcrumb\":{\"@id\":\"https:\/\/www.ivanaioriolistica.com\/home\/frutti-della-saggezza-i-5-alleati-naturali-per-affrontare-il-caldo-estivo\/#breadcrumb\"},\"inLanguage\":\"it-IT\",\"potentialAction\":[{\"@type\":\"ReadAction\",\"target\":[\"https:\/\/www.ivanaioriolistica.com\/home\/frutti-della-saggezza-i-5-alleati-naturali-per-affrontare-il-caldo-estivo\/\"]}]},{\"@type\":\"ImageObject\",\"inLanguage\":\"it-IT\",\"@id\":\"https:\/\/www.ivanaioriolistica.com\/home\/frutti-della-saggezza-i-5-alleati-naturali-per-affrontare-il-caldo-estivo\/#primaryimage\",\"url\":\"https:\/\/www.ivanaioriolistica.com\/home\/wp-content\/uploads\/2025\/11\/frutta-estiva-della-saggezza-anguria-ivana-iori.png\",\"contentUrl\":\"https:\/\/www.ivanaioriolistica.com\/home\/wp-content\/uploads\/2025\/11\/frutta-estiva-della-saggezza-anguria-ivana-iori.png\",\"width\":800,\"height\":542,\"caption\":\"frutta-estiva-della-saggezza-anguria-ivana-iori\"},{\"@type\":\"BreadcrumbList\",\"@id\":\"https:\/\/www.ivanaioriolistica.com\/home\/frutti-della-saggezza-i-5-alleati-naturali-per-affrontare-il-caldo-estivo\/#breadcrumb\",\"itemListElement\":[{\"@type\":\"ListItem\",\"position\":1,\"name\":\"Home\",\"item\":\"https:\/\/www.ivanaioriolistica.com\/home\/\"},{\"@type\":\"ListItem\",\"position\":2,\"name\":\"Frutti della saggezza: i 5 alleati naturali per affrontare il caldo estivo\"}]},{\"@type\":\"WebSite\",\"@id\":\"https:\/\/www.ivanaioriolistica.com\/home\/#website\",\"url\":\"https:\/\/www.ivanaioriolistica.com\/home\/\",\"name\":\"Ivana Iori Olistica del Benessere - Massaggi Olbia\",\"description\":\"Riequilibrio Energetico e Benessere Psicofisico\",\"potentialAction\":[{\"@type\":\"SearchAction\",\"target\":{\"@type\":\"EntryPoint\",\"urlTemplate\":\"https:\/\/www.ivanaioriolistica.com\/home\/?s={search_term_string}\"},\"query-input\":{\"@type\":\"PropertyValueSpecification\",\"valueRequired\":true,\"valueName\":\"search_term_string\"}}],\"inLanguage\":\"it-IT\"},{\"@type\":\"Person\",\"@id\":\"https:\/\/www.ivanaioriolistica.com\/home\/#\/schema\/person\/9dd1c65650afe9f5d70053f5b229e38c\",\"name\":\"Ivana Iori\",\"image\":{\"@type\":\"ImageObject\",\"inLanguage\":\"it-IT\",\"@id\":\"https:\/\/www.ivanaioriolistica.com\/home\/#\/schema\/person\/image\/\",\"url\":\"https:\/\/secure.gravatar.com\/avatar\/247ca190ca08167c22a7d38fc1145653587a8991649f4e0625a77ee92d21df24?s=96&d=mm&r=g\",\"contentUrl\":\"https:\/\/secure.gravatar.com\/avatar\/247ca190ca08167c22a7d38fc1145653587a8991649f4e0625a77ee92d21df24?s=96&d=mm&r=g\",\"caption\":\"Ivana Iori\"},\"description\":\"Sono Naturopata, Reiki Multimaster, Operatrice Olistica del massaggio, Biomagnetista, Professionista del benessere psicofisico tramite il massaggio BioNaturale, Love Coach e specializzata in Naturopatia funzionale.\",\"url\":\"https:\/\/www.ivanaioriolistica.com\/home\/author\/irene-speretta\/\"}]}<\/script>\n<!-- \/ Yoast SEO plugin. -->","yoast_head_json":{"title":"Frutti della saggezza: i 5 alleati naturali per affrontare il caldo estivo","description":"Questa frutta estiva ha propriet\u00e0 idratanti, depurative e antinfiammatorie: scopriamo insieme i rimedi naturali per affrontare il caldo.","robots":{"index":"index","follow":"follow","max-snippet":"max-snippet:-1","max-image-preview":"max-image-preview:large","max-video-preview":"max-video-preview:-1"},"canonical":"https:\/\/www.ivanaioriolistica.com\/home\/frutti-della-saggezza-i-5-alleati-naturali-per-affrontare-il-caldo-estivo\/","og_locale":"it_IT","og_type":"article","og_title":"Frutti della saggezza: i 5 alleati naturali per affrontare il caldo estivo","og_description":"Questa frutta estiva ha propriet\u00e0 idratanti, depurative e antinfiammatorie: scopriamo insieme i rimedi naturali per affrontare il caldo.","og_url":"https:\/\/www.ivanaioriolistica.com\/home\/frutti-della-saggezza-i-5-alleati-naturali-per-affrontare-il-caldo-estivo\/","og_site_name":"Ivana Iori Olistica del Benessere - Massaggi Olbia","article_published_time":"2025-06-06T07:43:40+00:00","article_modified_time":"2025-11-28T09:29:00+00:00","og_image":[{"width":800,"height":542,"url":"https:\/\/www.ivanaioriolistica.com\/home\/wp-content\/uploads\/2025\/11\/frutta-estiva-della-saggezza-anguria-ivana-iori.png","type":"image\/png"}],"author":"Ivana Iori","twitter_card":"summary_large_image","twitter_misc":{"Scritto da":"Ivana Iori","Tempo di lettura stimato":"7 minuti"},"schema":{"@context":"https:\/\/schema.org","@graph":[{"@type":"WebPage","@id":"https:\/\/www.ivanaioriolistica.com\/home\/frutti-della-saggezza-i-5-alleati-naturali-per-affrontare-il-caldo-estivo\/","url":"https:\/\/www.ivanaioriolistica.com\/home\/frutti-della-saggezza-i-5-alleati-naturali-per-affrontare-il-caldo-estivo\/","name":"Frutti della saggezza: i 5 alleati naturali per affrontare il caldo estivo","isPartOf":{"@id":"https:\/\/www.ivanaioriolistica.com\/home\/#website"},"primaryImageOfPage":{"@id":"https:\/\/www.ivanaioriolistica.com\/home\/frutti-della-saggezza-i-5-alleati-naturali-per-affrontare-il-caldo-estivo\/#primaryimage"},"image":{"@id":"https:\/\/www.ivanaioriolistica.com\/home\/frutti-della-saggezza-i-5-alleati-naturali-per-affrontare-il-caldo-estivo\/#primaryimage"},"thumbnailUrl":"https:\/\/www.ivanaioriolistica.com\/home\/wp-content\/uploads\/2025\/11\/frutta-estiva-della-saggezza-anguria-ivana-iori.png","datePublished":"2025-06-06T07:43:40+00:00","dateModified":"2025-11-28T09:29:00+00:00","author":{"@id":"https:\/\/www.ivanaioriolistica.com\/home\/#\/schema\/person\/9dd1c65650afe9f5d70053f5b229e38c"},"description":"Questa frutta estiva ha propriet\u00e0 idratanti, depurative e antinfiammatorie: scopriamo insieme i rimedi naturali per affrontare il caldo.","breadcrumb":{"@id":"https:\/\/www.ivanaioriolistica.com\/home\/frutti-della-saggezza-i-5-alleati-naturali-per-affrontare-il-caldo-estivo\/#breadcrumb"},"inLanguage":"it-IT","potentialAction":[{"@type":"ReadAction","target":["https:\/\/www.ivanaioriolistica.com\/home\/frutti-della-saggezza-i-5-alleati-naturali-per-affrontare-il-caldo-estivo\/"]}]},{"@type":"ImageObject","inLanguage":"it-IT","@id":"https:\/\/www.ivanaioriolistica.com\/home\/frutti-della-saggezza-i-5-alleati-naturali-per-affrontare-il-caldo-estivo\/#primaryimage","url":"https:\/\/www.ivanaioriolistica.com\/home\/wp-content\/uploads\/2025\/11\/frutta-estiva-della-saggezza-anguria-ivana-iori.png","contentUrl":"https:\/\/www.ivanaioriolistica.com\/home\/wp-content\/uploads\/2025\/11\/frutta-estiva-della-saggezza-anguria-ivana-iori.png","width":800,"height":542,"caption":"frutta-estiva-della-saggezza-anguria-ivana-iori"},{"@type":"BreadcrumbList","@id":"https:\/\/www.ivanaioriolistica.com\/home\/frutti-della-saggezza-i-5-alleati-naturali-per-affrontare-il-caldo-estivo\/#breadcrumb","itemListElement":[{"@type":"ListItem","position":1,"name":"Home","item":"https:\/\/www.ivanaioriolistica.com\/home\/"},{"@type":"ListItem","position":2,"name":"Frutti della saggezza: i 5 alleati naturali per affrontare il caldo estivo"}]},{"@type":"WebSite","@id":"https:\/\/www.ivanaioriolistica.com\/home\/#website","url":"https:\/\/www.ivanaioriolistica.com\/home\/","name":"Ivana Iori Olistica del Benessere - Massaggi Olbia","description":"Riequilibrio Energetico e Benessere Psicofisico","potentialAction":[{"@type":"SearchAction","target":{"@type":"EntryPoint","urlTemplate":"https:\/\/www.ivanaioriolistica.com\/home\/?s={search_term_string}"},"query-input":{"@type":"PropertyValueSpecification","valueRequired":true,"valueName":"search_term_string"}}],"inLanguage":"it-IT"},{"@type":"Person","@id":"https:\/\/www.ivanaioriolistica.com\/home\/#\/schema\/person\/9dd1c65650afe9f5d70053f5b229e38c","name":"Ivana Iori","image":{"@type":"ImageObject","inLanguage":"it-IT","@id":"https:\/\/www.ivanaioriolistica.com\/home\/#\/schema\/person\/image\/","url":"https:\/\/secure.gravatar.com\/avatar\/247ca190ca08167c22a7d38fc1145653587a8991649f4e0625a77ee92d21df24?s=96&d=mm&r=g","contentUrl":"https:\/\/secure.gravatar.com\/avatar\/247ca190ca08167c22a7d38fc1145653587a8991649f4e0625a77ee92d21df24?s=96&d=mm&r=g","caption":"Ivana Iori"},"description":"Sono Naturopata, Reiki Multimaster, Operatrice Olistica del massaggio, Biomagnetista, Professionista del benessere psicofisico tramite il massaggio BioNaturale, Love Coach e specializzata in Naturopatia funzionale.","url":"https:\/\/www.ivanaioriolistica.com\/home\/author\/irene-speretta\/"}]}},"_links":{"self":[{"href":"https:\/\/www.ivanaioriolistica.com\/home\/wp-json\/wp\/v2\/posts\/2368","targetHints":{"allow":["GET"]}}],"collection":[{"href":"https:\/\/www.ivanaioriolistica.com\/home\/wp-json\/wp\/v2\/posts"}],"about":[{"href":"https:\/\/www.ivanaioriolistica.com\/home\/wp-json\/wp\/v2\/types\/post"}],"author":[{"embeddable":true,"href":"https:\/\/www.ivanaioriolistica.com\/home\/wp-json\/wp\/v2\/users\/4"}],"replies":[{"embeddable":true,"href":"https:\/\/www.ivanaioriolistica.com\/home\/wp-json\/wp\/v2\/comments?post=2368"}],"version-history":[{"count":8,"href":"https:\/\/www.ivanaioriolistica.com\/home\/wp-json\/wp\/v2\/posts\/2368\/revisions"}],"predecessor-version":[{"id":2416,"href":"https:\/\/www.ivanaioriolistica.com\/home\/wp-json\/wp\/v2\/posts\/2368\/revisions\/2416"}],"wp:featuredmedia":[{"embeddable":true,"href":"https:\/\/www.ivanaioriolistica.com\/home\/wp-json\/wp\/v2\/media\/2488"}],"wp:attachment":[{"href":"https:\/\/www.ivanaioriolistica.com\/home\/wp-json\/wp\/v2\/media?parent=2368"}],"wp:term":[{"taxonomy":"category","embeddable":true,"href":"https:\/\/www.ivanaioriolistica.com\/home\/wp-json\/wp\/v2\/categories?post=2368"},{"taxonomy":"post_tag","embeddable":true,"href":"https:\/\/www.ivanaioriolistica.com\/home\/wp-json\/wp\/v2\/tags?post=2368"}],"curies":[{"name":"wp","href":"https:\/\/api.w.org\/{rel}","templated":true}]}}