{"id":2398,"date":"2025-08-07T13:36:37","date_gmt":"2025-08-07T11:36:37","guid":{"rendered":"https:\/\/www.ivanaioriolistica.com\/home\/?p=2398"},"modified":"2025-11-28T10:27:24","modified_gmt":"2025-11-28T09:27:24","slug":"lavanda-proprieta-benefici-e-usi-dellolio-essenziale-della-calma","status":"publish","type":"post","link":"https:\/\/www.ivanaioriolistica.com\/home\/lavanda-proprieta-benefici-e-usi-dellolio-essenziale-della-calma\/","title":{"rendered":"Lavanda: propriet\u00e0, benefici e usi dell\u2019olio essenziale della calma"},"content":{"rendered":"<p><span style=\"font-weight: 400;\">C\u2019\u00e8 un profumo che, pi\u00f9 di tutti, sa evocare quiete, freschezza e senso di casa: \u00e8 la <\/span><b>lavanda<\/b><span style=\"font-weight: 400;\">. Basta aprire un piccolo flacone di olio essenziale o strofinare tra le mani un mazzetto di fiori essiccati per sentirsi subito avvolti da una <\/span><b>nuvola di calma e serenit\u00e0<\/b><span style=\"font-weight: 400;\">.<\/span><\/p>\n<p><span style=\"font-weight: 400;\">Non \u00e8 un caso se<\/span><b> la lavanda \u00e8 da secoli una delle piante pi\u00f9 usate in <\/b><a href=\"https:\/\/www.ivanaioriolistica.com\/home\/consulenza-naturopatica-cose-e-come-si-svolge\/\"><b>naturopatia<\/b><\/a><span style=\"font-weight: 400;\">: versatile, delicata ma potente, capace di prendersi cura di corpo, mente ed emozioni.<\/span><span style=\"font-weight: 400;\"><br \/>\n<\/span><span style=\"font-weight: 400;\">Oggi ti accompagno a scoprirla meglio: storia, propriet\u00e0, benefici, idee di utilizzo e qualche piccolo rituale da portare subito nella tua routine.<\/span><\/p>\n<h2><span style=\"font-weight: 400;\">Lavanda: una pianta che nasce per purificare<\/span><\/h2>\n<p><span style=\"font-weight: 400;\">Il nome stesso della lavanda racconta la sua vocazione: <\/span><b>deriva dal latino<\/b><b><i> lavare<\/i><\/b><span style=\"font-weight: 400;\"> e gi\u00e0 nell\u2019antica Roma i suoi fiori erano utilizzati per profumare bagni e biancheria.\u00a0<\/span><\/p>\n<p><span style=\"font-weight: 400;\">Questa pianta, originaria del bacino del Mediterraneo, cresce spontanea nei terreni assolati, sassosi e spesso poveri di nutrienti, dimostrando una straordinaria capacit\u00e0 di adattamento e resistenza. Nei suoi <\/span><b>piccoli fiori viola <\/b><span style=\"font-weight: 400;\">si concentra un vero e proprio tesoro di <\/span><b>principi attivi preziosi: oli essenziali, flavonoidi e tannini<\/b><span style=\"font-weight: 400;\">, responsabili delle sue molteplici propriet\u00e0 benefiche.\u00a0<\/span><\/p>\n<p><span style=\"font-weight: 400;\">Per secoli la lavanda ha accompagnato la vita quotidiana di popolazioni rurali e urbane, intrecciata in mazzetti per <\/span><b>tenere lontani gli insetti molesti<\/b><span style=\"font-weight: 400;\">, ma anche per profumare gli ambienti e gli abiti. Veniva sistemata nei cuscini per <\/span><b>favorire il sonno<\/b><span style=\"font-weight: 400;\">, mentre il suo fumo, ricavato dalla combustione dei fiori essiccati, veniva usato come erba purificante per<\/span><b> proteggere le case<\/b><span style=\"font-weight: 400;\"> da energie pesanti e negativit\u00e0.<\/span><\/p>\n<p><span style=\"font-weight: 400;\">Ancora oggi, la lavanda conserva questa forza delicata ma potente. Grazie alle sue molteplici qualit\u00e0 continua a essere una compagna preziosa, che offre sollievo, freschezza e un tocco di magia mediterranea nei nostri rituali quotidiani.<\/span><\/p>\n<p><img decoding=\"async\" class=\"lazyload aligncenter size-fusion-800 wp-image-2402\" src=\"https:\/\/www.ivanaioriolistica.com\/home\/wp-content\/uploads\/2025\/07\/rametto-di-lavanda-ivana-iori.png\" data-orig-src=\"https:\/\/www.ivanaioriolistica.com\/home\/wp-content\/uploads\/2025\/07\/rametto-di-lavanda-ivana-iori.png\" alt=\"\" width=\"698\" height=\"643\" srcset=\"data:image\/svg+xml,%3Csvg%20xmlns%3D%27http%3A%2F%2Fwww.w3.org%2F2000%2Fsvg%27%20width%3D%27698%27%20height%3D%27643%27%20viewBox%3D%270%200%20698%20643%27%3E%3Crect%20width%3D%27698%27%20height%3D%27643%27%20fill-opacity%3D%220%22%2F%3E%3C%2Fsvg%3E\" data-srcset=\"https:\/\/www.ivanaioriolistica.com\/home\/wp-content\/uploads\/2025\/07\/rametto-di-lavanda-ivana-iori-200x184.png 200w, https:\/\/www.ivanaioriolistica.com\/home\/wp-content\/uploads\/2025\/07\/rametto-di-lavanda-ivana-iori-300x276.png 300w, https:\/\/www.ivanaioriolistica.com\/home\/wp-content\/uploads\/2025\/07\/rametto-di-lavanda-ivana-iori-400x368.png 400w, https:\/\/www.ivanaioriolistica.com\/home\/wp-content\/uploads\/2025\/07\/rametto-di-lavanda-ivana-iori-600x553.png 600w, https:\/\/www.ivanaioriolistica.com\/home\/wp-content\/uploads\/2025\/07\/rametto-di-lavanda-ivana-iori.png 698w\" data-sizes=\"auto\" data-orig-sizes=\"(max-width: 698px) 100vw, 698px\" \/><\/p>\n<h2><span style=\"font-weight: 400;\">L\u2019olio essenziale di lavanda e le sue infinite propriet\u00e0\u00a0<\/span><\/h2>\n<p><span style=\"font-weight: 400;\">L<\/span><b>\u2019olio essenziale di lavanda <\/b><span style=\"font-weight: 400;\">\u00e8 come un piccolo rifugio di pace: discreto, delicato, ma capace di rimettere in equilibrio corpo e mente quando tutto intorno diventa troppo. Nei giorni di stress, nel caldo che toglie energie, nelle notti agitate\u2026 basta una goccia per sentire un respiro nuovo.\u00a0<\/span><\/p>\n<p>Ecco cosa pu\u00f2 fare per te:<\/p>\n<p><strong>Effetto calmante e riequilibrante<br \/>\n<\/strong><b><\/b><span style=\"font-weight: 400;\">Quando i pensieri corrono veloci, la lavanda arriva a distendere le tensioni. Agisce sul cuore delle emozioni, il sistema limbico, portando un senso di distensione profonda, come un abbraccio invisibile.<\/span><\/p>\n<p><strong>Supporto al sonno naturale<br \/>\n<\/strong><b><\/b><span style=\"font-weight: 400;\">Se fai fatica a spegnere la mente prima di dormire, la lavanda \u00e8 un invito a lasciar andare. Aiuta a ritrovare il ritmo naturale del sonno e rende pi\u00f9 facile scivolare nel silenzio della notte.<\/span><\/p>\n<p><strong>Azione antisettica e lenitiva<br \/>\n<\/strong><b><\/b><span style=\"font-weight: 400;\">Porta sollievo dove la pelle chiede calma: piccole irritazioni, punture di insetti, leggere scottature estive. Un balsamo delicato che placa rossori e fastidi con discrezione.<\/span><\/p>\n<p><b>Decontratturante muscolare<br \/>\n<\/b><b><\/b><span style=\"font-weight: 400;\">Le tensioni si annidano nelle spalle, nel collo, nella schiena? Aggiungi qualche goccia a un olio vettore e regala ai muscoli un massaggio distensivo: sentirai le contratture sciogliersi piano piano.<\/span><\/p>\n<p><b>Equilibrio emotivo<br \/>\n<\/b><b><\/b><span style=\"font-weight: 400;\">Quando ti senti irritabile o agitato, respira il suo profumo: la lavanda aiuta a placare il nervosismo e a ritrovare un ritmo pi\u00f9 lento e leggero, come se riaprisse uno spazio di respiro dentro di te.<\/span><\/p>\n<p><img decoding=\"async\" class=\"lazyload aligncenter size-full wp-image-2400\" src=\"https:\/\/www.ivanaioriolistica.com\/home\/wp-content\/uploads\/2025\/07\/olio-essenziale-doi-lavanda-ivana-iori-come-si-usa.png\" data-orig-src=\"https:\/\/www.ivanaioriolistica.com\/home\/wp-content\/uploads\/2025\/07\/olio-essenziale-doi-lavanda-ivana-iori-come-si-usa.png\" alt=\"\" width=\"698\" height=\"643\" srcset=\"data:image\/svg+xml,%3Csvg%20xmlns%3D%27http%3A%2F%2Fwww.w3.org%2F2000%2Fsvg%27%20width%3D%27698%27%20height%3D%27643%27%20viewBox%3D%270%200%20698%20643%27%3E%3Crect%20width%3D%27698%27%20height%3D%27643%27%20fill-opacity%3D%220%22%2F%3E%3C%2Fsvg%3E\" data-srcset=\"https:\/\/www.ivanaioriolistica.com\/home\/wp-content\/uploads\/2025\/07\/olio-essenziale-doi-lavanda-ivana-iori-come-si-usa-200x184.png 200w, https:\/\/www.ivanaioriolistica.com\/home\/wp-content\/uploads\/2025\/07\/olio-essenziale-doi-lavanda-ivana-iori-come-si-usa-300x276.png 300w, https:\/\/www.ivanaioriolistica.com\/home\/wp-content\/uploads\/2025\/07\/olio-essenziale-doi-lavanda-ivana-iori-come-si-usa-400x368.png 400w, https:\/\/www.ivanaioriolistica.com\/home\/wp-content\/uploads\/2025\/07\/olio-essenziale-doi-lavanda-ivana-iori-come-si-usa-600x553.png 600w, https:\/\/www.ivanaioriolistica.com\/home\/wp-content\/uploads\/2025\/07\/olio-essenziale-doi-lavanda-ivana-iori-come-si-usa.png 698w\" data-sizes=\"auto\" data-orig-sizes=\"(max-width: 698px) 100vw, 698px\" \/><\/p>\n<h2><span style=\"font-weight: 400;\">Benefici dell\u2019olio essenziale di lavanda per l\u2019estate<\/span><\/h2>\n<p><span style=\"font-weight: 400;\">In estate, la lavanda pu\u00f2 diventare la tua piccola oasi di freschezza. Puoi usarla per trasformare i tuoi momenti in rituali di quiete: un gesto, un profumo, un respiro profondo. Ecco qualche idea da provare subito, magari gi\u00e0 stasera.<\/span><\/p>\n<p><b>Contro l\u2019insonnia estiva<\/b><b><br \/>\n<\/b><span style=\"font-weight: 400;\">Tieni un fazzoletto profumato di lavanda accanto al cuscino, cos\u00ec ogni respiro di notte diventer\u00e0 pi\u00f9 leggero. Oppure sistema un piccolo cuscinetto di fiori essiccati vicino al letto: un invito silenzioso a chiudere gli occhi anche quando le notti si fanno lunghe e afose.<\/span><\/p>\n<p><b>Per alleggerire la testa<\/b><b><br \/>\n<\/b><span style=\"font-weight: 400;\">Se il caldo ti appesantisce o un mal di testa da tensione non ti d\u00e0 tregua, prova a posare un panno tiepido profumato di lavanda sulla fronte. Un gesto semplice che alleggerisce il peso e riporta lucidit\u00e0, respiro dopo respiro.<\/span><\/p>\n<p><b>Bagno serale calmante<\/b><b><br \/>\n<\/b><span style=\"font-weight: 400;\">Lascia che l\u2019acqua calda della vasca accolga qualche fiore di lavanda essiccata o una goccia di olio essenziale (sempre diluito). Mentre il vapore sale, senti la stanchezza dissolversi e la mente rallentare, come in un piccolo rito di rigenerazione.<\/span><\/p>\n<p><b>Piccolo spray rinfrescante<\/b><b><br \/>\n<\/b><span style=\"font-weight: 400;\">Prepara un\u2019acqua profumata alla lavanda da spruzzare leggermente sui tessuti o nell\u2019aria prima di dormire. Basteranno pochi spruzzi per avvolgere la stanza in una nuvola fresca e rilassante, come una carezza che profuma di quiete.<\/span><\/p>\n<p><b>Impacco lenitivo per la pelle<\/b><b><br \/>\n<\/b><span style=\"font-weight: 400;\">Se la pelle chiede sollievo, per una puntura di insetto o una leggera scottatura solare, diluisci qualche goccia di olio essenziale di lavanda in un olio base, come ad esempio quello di mandorle. Appoggialo delicatamente: sentirai rossori e pruriti calmarsi.<\/span><\/p>\n<p><span style=\"font-weight: 400;\">Sono gesti semplici, ma parlano di una cosa preziosa: il diritto di fermarti, respirare, ritrovare casa in te, anche nei giorni pi\u00f9 caldi.<\/span><\/p>\n<p><img decoding=\"async\" class=\"lazyload aligncenter size-fusion-800 wp-image-2265\" src=\"https:\/\/www.ivanaioriolistica.com\/home\/wp-content\/uploads\/2025\/04\/consulenza-naturopatica-ivana-iori-800x531.jpg\" data-orig-src=\"https:\/\/www.ivanaioriolistica.com\/home\/wp-content\/uploads\/2025\/04\/consulenza-naturopatica-ivana-iori-800x531.jpg\" alt=\"consulenza naturopatica con ivana iori\" width=\"800\" height=\"531\" srcset=\"data:image\/svg+xml,%3Csvg%20xmlns%3D%27http%3A%2F%2Fwww.w3.org%2F2000%2Fsvg%27%20width%3D%27800%27%20height%3D%27531%27%20viewBox%3D%270%200%20800%20531%27%3E%3Crect%20width%3D%27800%27%20height%3D%27531%27%20fill-opacity%3D%220%22%2F%3E%3C%2Fsvg%3E\" data-srcset=\"https:\/\/www.ivanaioriolistica.com\/home\/wp-content\/uploads\/2025\/04\/consulenza-naturopatica-ivana-iori-200x133.jpg 200w, https:\/\/www.ivanaioriolistica.com\/home\/wp-content\/uploads\/2025\/04\/consulenza-naturopatica-ivana-iori-300x199.jpg 300w, https:\/\/www.ivanaioriolistica.com\/home\/wp-content\/uploads\/2025\/04\/consulenza-naturopatica-ivana-iori-400x266.jpg 400w, https:\/\/www.ivanaioriolistica.com\/home\/wp-content\/uploads\/2025\/04\/consulenza-naturopatica-ivana-iori-600x399.jpg 600w, https:\/\/www.ivanaioriolistica.com\/home\/wp-content\/uploads\/2025\/04\/consulenza-naturopatica-ivana-iori-768x510.jpg 768w, https:\/\/www.ivanaioriolistica.com\/home\/wp-content\/uploads\/2025\/04\/consulenza-naturopatica-ivana-iori-800x531.jpg 800w, https:\/\/www.ivanaioriolistica.com\/home\/wp-content\/uploads\/2025\/04\/consulenza-naturopatica-ivana-iori.jpg 828w\" data-sizes=\"auto\" data-orig-sizes=\"(max-width: 800px) 100vw, 800px\" \/><\/p>\n<h2><span style=\"font-weight: 400;\">Lavanda e naturopatia: un piccolo grande alleato<\/span><\/h2>\n<p><span style=\"font-weight: 400;\">In un percorso naturopatico, la lavanda diventa una compagna preziosa per calmare mente e corpo, ma anche per creare rituali semplici di cura quotidiana.<\/span><span style=\"font-weight: 400;\"><br \/>\n<\/span><span style=\"font-weight: 400;\">Un massaggio serale con qualche goccia di olio essenziale, un diffusore che accompagna la sera, una tisana rilassante sorseggiata lentamente.\u00a0<\/span><\/p>\n<p><span style=\"font-weight: 400;\">Ogni persona \u00e8 unica e ha sensibilit\u00e0, esigenze e gusti personali. Per questo <\/span><b>\u00e8 importante scegliere come e quando usare gli oli essenziali in modo personalizzato <\/b><span style=\"font-weight: 400;\">e sicuro. Se vuoi scoprire come integrare la lavanda e altre essenze nella tua routine di benessere, <\/span><a href=\"https:\/\/www.ivanaioriolistica.com\/home\/contatti\/\"><span style=\"font-weight: 400;\">puoi prenotare una consulenza<\/span><\/a><span style=\"font-weight: 400;\">: esploreremo insieme il percorso pi\u00f9 adatto per la tua strada verso casa, dove <\/span><b>calma, energia e leggerezza ti aspettano.<\/b><\/p>\n<p>&nbsp;<\/p>\n","protected":false},"excerpt":{"rendered":"<p>C\u2019\u00e8 un profumo che, pi\u00f9 di tutti, sa evocare quiete, [&hellip;]<\/p>\n","protected":false},"author":4,"featured_media":2490,"comment_status":"closed","ping_status":"closed","sticky":false,"template":"","format":"standard","meta":{"_EventAllDay":false,"_EventTimezone":"","_EventStartDate":"","_EventEndDate":"","_EventStartDateUTC":"","_EventEndDateUTC":"","_EventShowMap":false,"_EventShowMapLink":false,"_EventURL":"","_EventCost":"","_EventCostDescription":"","_EventCurrencySymbol":"","_EventCurrencyCode":"","_EventCurrencyPosition":"","_EventDateTimeSeparator":"","_EventTimeRangeSeparator":"","_EventOrganizerID":[],"_EventVenueID":[],"_OrganizerEmail":"","_OrganizerPhone":"","_OrganizerWebsite":"","_VenueAddress":"","_VenueCity":"","_VenueCountry":"","_VenueProvince":"","_VenueState":"","_VenueZip":"","_VenuePhone":"","_VenueURL":"","_VenueStateProvince":"","_VenueLat":"","_VenueLng":"","_VenueShowMap":false,"_VenueShowMapLink":false,"_themeisle_gutenberg_block_has_review":false,"footnotes":""},"categories":[1,25,27],"tags":[],"class_list":["post-2398","post","type-post","status-publish","format-standard","has-post-thumbnail","hentry","category-consigli","category-nutrizione-e-benessere","category-trattamenti"],"yoast_head":"<!-- This site is optimized with the Yoast SEO plugin v25.2 - https:\/\/yoast.com\/wordpress\/plugins\/seo\/ -->\n<title>Lavanda: propriet\u00e0, benefici e usi dell\u2019olio essenziale calmante<\/title>\n<meta name=\"description\" content=\"Scopri la lavanda: storia, benefici, idee e rituali con l\u2019olio essenziale per calmare mente e corpo, anche d\u2019estate. Consigli pratici. | Ivana Iori Naturopata\" \/>\n<meta name=\"robots\" content=\"index, follow, max-snippet:-1, max-image-preview:large, max-video-preview:-1\" \/>\n<link rel=\"canonical\" href=\"https:\/\/www.ivanaioriolistica.com\/home\/lavanda-proprieta-benefici-e-usi-dellolio-essenziale-della-calma\/\" \/>\n<meta property=\"og:locale\" content=\"it_IT\" \/>\n<meta property=\"og:type\" content=\"article\" \/>\n<meta property=\"og:title\" content=\"Lavanda: propriet\u00e0, benefici e usi dell\u2019olio essenziale calmante\" \/>\n<meta property=\"og:description\" content=\"Scopri la lavanda: storia, benefici, idee e rituali con l\u2019olio essenziale per calmare mente e corpo, anche d\u2019estate. Consigli pratici. | Ivana Iori Naturopata\" \/>\n<meta property=\"og:url\" content=\"https:\/\/www.ivanaioriolistica.com\/home\/lavanda-proprieta-benefici-e-usi-dellolio-essenziale-della-calma\/\" \/>\n<meta property=\"og:site_name\" content=\"Ivana Iori Olistica del Benessere - Massaggi Olbia\" \/>\n<meta property=\"article:published_time\" content=\"2025-08-07T11:36:37+00:00\" \/>\n<meta property=\"article:modified_time\" content=\"2025-11-28T09:27:24+00:00\" \/>\n<meta property=\"og:image\" content=\"https:\/\/www.ivanaioriolistica.com\/home\/wp-content\/uploads\/2025\/11\/olio-essenziale-doi-lavanda-ivana-iori.png\" \/>\n\t<meta property=\"og:image:width\" content=\"800\" \/>\n\t<meta property=\"og:image:height\" content=\"542\" \/>\n\t<meta property=\"og:image:type\" content=\"image\/png\" \/>\n<meta name=\"author\" content=\"Ivana Iori\" \/>\n<meta name=\"twitter:card\" content=\"summary_large_image\" \/>\n<meta name=\"twitter:label1\" content=\"Scritto da\" \/>\n\t<meta name=\"twitter:data1\" content=\"Ivana Iori\" \/>\n\t<meta name=\"twitter:label2\" content=\"Tempo di lettura stimato\" \/>\n\t<meta name=\"twitter:data2\" content=\"6 minuti\" \/>\n<script type=\"application\/ld+json\" class=\"yoast-schema-graph\">{\"@context\":\"https:\/\/schema.org\",\"@graph\":[{\"@type\":\"WebPage\",\"@id\":\"https:\/\/www.ivanaioriolistica.com\/home\/lavanda-proprieta-benefici-e-usi-dellolio-essenziale-della-calma\/\",\"url\":\"https:\/\/www.ivanaioriolistica.com\/home\/lavanda-proprieta-benefici-e-usi-dellolio-essenziale-della-calma\/\",\"name\":\"Lavanda: propriet\u00e0, benefici e usi dell\u2019olio essenziale calmante\",\"isPartOf\":{\"@id\":\"https:\/\/www.ivanaioriolistica.com\/home\/#website\"},\"primaryImageOfPage\":{\"@id\":\"https:\/\/www.ivanaioriolistica.com\/home\/lavanda-proprieta-benefici-e-usi-dellolio-essenziale-della-calma\/#primaryimage\"},\"image\":{\"@id\":\"https:\/\/www.ivanaioriolistica.com\/home\/lavanda-proprieta-benefici-e-usi-dellolio-essenziale-della-calma\/#primaryimage\"},\"thumbnailUrl\":\"https:\/\/www.ivanaioriolistica.com\/home\/wp-content\/uploads\/2025\/11\/olio-essenziale-doi-lavanda-ivana-iori.png\",\"datePublished\":\"2025-08-07T11:36:37+00:00\",\"dateModified\":\"2025-11-28T09:27:24+00:00\",\"author\":{\"@id\":\"https:\/\/www.ivanaioriolistica.com\/home\/#\/schema\/person\/9dd1c65650afe9f5d70053f5b229e38c\"},\"description\":\"Scopri la lavanda: storia, benefici, idee e rituali con l\u2019olio essenziale per calmare mente e corpo, anche d\u2019estate. Consigli pratici. | Ivana Iori Naturopata\",\"breadcrumb\":{\"@id\":\"https:\/\/www.ivanaioriolistica.com\/home\/lavanda-proprieta-benefici-e-usi-dellolio-essenziale-della-calma\/#breadcrumb\"},\"inLanguage\":\"it-IT\",\"potentialAction\":[{\"@type\":\"ReadAction\",\"target\":[\"https:\/\/www.ivanaioriolistica.com\/home\/lavanda-proprieta-benefici-e-usi-dellolio-essenziale-della-calma\/\"]}]},{\"@type\":\"ImageObject\",\"inLanguage\":\"it-IT\",\"@id\":\"https:\/\/www.ivanaioriolistica.com\/home\/lavanda-proprieta-benefici-e-usi-dellolio-essenziale-della-calma\/#primaryimage\",\"url\":\"https:\/\/www.ivanaioriolistica.com\/home\/wp-content\/uploads\/2025\/11\/olio-essenziale-doi-lavanda-ivana-iori.png\",\"contentUrl\":\"https:\/\/www.ivanaioriolistica.com\/home\/wp-content\/uploads\/2025\/11\/olio-essenziale-doi-lavanda-ivana-iori.png\",\"width\":800,\"height\":542,\"caption\":\"olio-essenziale-di-lavanda-ivana-iori\"},{\"@type\":\"BreadcrumbList\",\"@id\":\"https:\/\/www.ivanaioriolistica.com\/home\/lavanda-proprieta-benefici-e-usi-dellolio-essenziale-della-calma\/#breadcrumb\",\"itemListElement\":[{\"@type\":\"ListItem\",\"position\":1,\"name\":\"Home\",\"item\":\"https:\/\/www.ivanaioriolistica.com\/home\/\"},{\"@type\":\"ListItem\",\"position\":2,\"name\":\"Lavanda: propriet\u00e0, benefici e usi dell\u2019olio essenziale della calma\"}]},{\"@type\":\"WebSite\",\"@id\":\"https:\/\/www.ivanaioriolistica.com\/home\/#website\",\"url\":\"https:\/\/www.ivanaioriolistica.com\/home\/\",\"name\":\"Ivana Iori Olistica del Benessere - Massaggi Olbia\",\"description\":\"Riequilibrio Energetico e Benessere Psicofisico\",\"potentialAction\":[{\"@type\":\"SearchAction\",\"target\":{\"@type\":\"EntryPoint\",\"urlTemplate\":\"https:\/\/www.ivanaioriolistica.com\/home\/?s={search_term_string}\"},\"query-input\":{\"@type\":\"PropertyValueSpecification\",\"valueRequired\":true,\"valueName\":\"search_term_string\"}}],\"inLanguage\":\"it-IT\"},{\"@type\":\"Person\",\"@id\":\"https:\/\/www.ivanaioriolistica.com\/home\/#\/schema\/person\/9dd1c65650afe9f5d70053f5b229e38c\",\"name\":\"Ivana Iori\",\"image\":{\"@type\":\"ImageObject\",\"inLanguage\":\"it-IT\",\"@id\":\"https:\/\/www.ivanaioriolistica.com\/home\/#\/schema\/person\/image\/\",\"url\":\"https:\/\/secure.gravatar.com\/avatar\/247ca190ca08167c22a7d38fc1145653587a8991649f4e0625a77ee92d21df24?s=96&d=mm&r=g\",\"contentUrl\":\"https:\/\/secure.gravatar.com\/avatar\/247ca190ca08167c22a7d38fc1145653587a8991649f4e0625a77ee92d21df24?s=96&d=mm&r=g\",\"caption\":\"Ivana Iori\"},\"description\":\"Sono Naturopata, Reiki Multimaster, Operatrice Olistica del massaggio, Biomagnetista, Professionista del benessere psicofisico tramite il massaggio BioNaturale, Love Coach e specializzata in Naturopatia funzionale.\",\"url\":\"https:\/\/www.ivanaioriolistica.com\/home\/author\/irene-speretta\/\"}]}<\/script>\n<!-- \/ Yoast SEO plugin. -->","yoast_head_json":{"title":"Lavanda: propriet\u00e0, benefici e usi dell\u2019olio essenziale calmante","description":"Scopri la lavanda: storia, benefici, idee e rituali con l\u2019olio essenziale per calmare mente e corpo, anche d\u2019estate. Consigli pratici. | Ivana Iori Naturopata","robots":{"index":"index","follow":"follow","max-snippet":"max-snippet:-1","max-image-preview":"max-image-preview:large","max-video-preview":"max-video-preview:-1"},"canonical":"https:\/\/www.ivanaioriolistica.com\/home\/lavanda-proprieta-benefici-e-usi-dellolio-essenziale-della-calma\/","og_locale":"it_IT","og_type":"article","og_title":"Lavanda: propriet\u00e0, benefici e usi dell\u2019olio essenziale calmante","og_description":"Scopri la lavanda: storia, benefici, idee e rituali con l\u2019olio essenziale per calmare mente e corpo, anche d\u2019estate. Consigli pratici. | Ivana Iori Naturopata","og_url":"https:\/\/www.ivanaioriolistica.com\/home\/lavanda-proprieta-benefici-e-usi-dellolio-essenziale-della-calma\/","og_site_name":"Ivana Iori Olistica del Benessere - Massaggi Olbia","article_published_time":"2025-08-07T11:36:37+00:00","article_modified_time":"2025-11-28T09:27:24+00:00","og_image":[{"width":800,"height":542,"url":"https:\/\/www.ivanaioriolistica.com\/home\/wp-content\/uploads\/2025\/11\/olio-essenziale-doi-lavanda-ivana-iori.png","type":"image\/png"}],"author":"Ivana Iori","twitter_card":"summary_large_image","twitter_misc":{"Scritto da":"Ivana Iori","Tempo di lettura stimato":"6 minuti"},"schema":{"@context":"https:\/\/schema.org","@graph":[{"@type":"WebPage","@id":"https:\/\/www.ivanaioriolistica.com\/home\/lavanda-proprieta-benefici-e-usi-dellolio-essenziale-della-calma\/","url":"https:\/\/www.ivanaioriolistica.com\/home\/lavanda-proprieta-benefici-e-usi-dellolio-essenziale-della-calma\/","name":"Lavanda: propriet\u00e0, benefici e usi dell\u2019olio essenziale calmante","isPartOf":{"@id":"https:\/\/www.ivanaioriolistica.com\/home\/#website"},"primaryImageOfPage":{"@id":"https:\/\/www.ivanaioriolistica.com\/home\/lavanda-proprieta-benefici-e-usi-dellolio-essenziale-della-calma\/#primaryimage"},"image":{"@id":"https:\/\/www.ivanaioriolistica.com\/home\/lavanda-proprieta-benefici-e-usi-dellolio-essenziale-della-calma\/#primaryimage"},"thumbnailUrl":"https:\/\/www.ivanaioriolistica.com\/home\/wp-content\/uploads\/2025\/11\/olio-essenziale-doi-lavanda-ivana-iori.png","datePublished":"2025-08-07T11:36:37+00:00","dateModified":"2025-11-28T09:27:24+00:00","author":{"@id":"https:\/\/www.ivanaioriolistica.com\/home\/#\/schema\/person\/9dd1c65650afe9f5d70053f5b229e38c"},"description":"Scopri la lavanda: storia, benefici, idee e rituali con l\u2019olio essenziale per calmare mente e corpo, anche d\u2019estate. Consigli pratici. | Ivana Iori Naturopata","breadcrumb":{"@id":"https:\/\/www.ivanaioriolistica.com\/home\/lavanda-proprieta-benefici-e-usi-dellolio-essenziale-della-calma\/#breadcrumb"},"inLanguage":"it-IT","potentialAction":[{"@type":"ReadAction","target":["https:\/\/www.ivanaioriolistica.com\/home\/lavanda-proprieta-benefici-e-usi-dellolio-essenziale-della-calma\/"]}]},{"@type":"ImageObject","inLanguage":"it-IT","@id":"https:\/\/www.ivanaioriolistica.com\/home\/lavanda-proprieta-benefici-e-usi-dellolio-essenziale-della-calma\/#primaryimage","url":"https:\/\/www.ivanaioriolistica.com\/home\/wp-content\/uploads\/2025\/11\/olio-essenziale-doi-lavanda-ivana-iori.png","contentUrl":"https:\/\/www.ivanaioriolistica.com\/home\/wp-content\/uploads\/2025\/11\/olio-essenziale-doi-lavanda-ivana-iori.png","width":800,"height":542,"caption":"olio-essenziale-di-lavanda-ivana-iori"},{"@type":"BreadcrumbList","@id":"https:\/\/www.ivanaioriolistica.com\/home\/lavanda-proprieta-benefici-e-usi-dellolio-essenziale-della-calma\/#breadcrumb","itemListElement":[{"@type":"ListItem","position":1,"name":"Home","item":"https:\/\/www.ivanaioriolistica.com\/home\/"},{"@type":"ListItem","position":2,"name":"Lavanda: propriet\u00e0, benefici e usi dell\u2019olio essenziale della calma"}]},{"@type":"WebSite","@id":"https:\/\/www.ivanaioriolistica.com\/home\/#website","url":"https:\/\/www.ivanaioriolistica.com\/home\/","name":"Ivana Iori Olistica del Benessere - Massaggi Olbia","description":"Riequilibrio Energetico e Benessere Psicofisico","potentialAction":[{"@type":"SearchAction","target":{"@type":"EntryPoint","urlTemplate":"https:\/\/www.ivanaioriolistica.com\/home\/?s={search_term_string}"},"query-input":{"@type":"PropertyValueSpecification","valueRequired":true,"valueName":"search_term_string"}}],"inLanguage":"it-IT"},{"@type":"Person","@id":"https:\/\/www.ivanaioriolistica.com\/home\/#\/schema\/person\/9dd1c65650afe9f5d70053f5b229e38c","name":"Ivana Iori","image":{"@type":"ImageObject","inLanguage":"it-IT","@id":"https:\/\/www.ivanaioriolistica.com\/home\/#\/schema\/person\/image\/","url":"https:\/\/secure.gravatar.com\/avatar\/247ca190ca08167c22a7d38fc1145653587a8991649f4e0625a77ee92d21df24?s=96&d=mm&r=g","contentUrl":"https:\/\/secure.gravatar.com\/avatar\/247ca190ca08167c22a7d38fc1145653587a8991649f4e0625a77ee92d21df24?s=96&d=mm&r=g","caption":"Ivana Iori"},"description":"Sono Naturopata, Reiki Multimaster, Operatrice Olistica del massaggio, Biomagnetista, Professionista del benessere psicofisico tramite il massaggio BioNaturale, Love Coach e specializzata in Naturopatia funzionale.","url":"https:\/\/www.ivanaioriolistica.com\/home\/author\/irene-speretta\/"}]}},"_links":{"self":[{"href":"https:\/\/www.ivanaioriolistica.com\/home\/wp-json\/wp\/v2\/posts\/2398","targetHints":{"allow":["GET"]}}],"collection":[{"href":"https:\/\/www.ivanaioriolistica.com\/home\/wp-json\/wp\/v2\/posts"}],"about":[{"href":"https:\/\/www.ivanaioriolistica.com\/home\/wp-json\/wp\/v2\/types\/post"}],"author":[{"embeddable":true,"href":"https:\/\/www.ivanaioriolistica.com\/home\/wp-json\/wp\/v2\/users\/4"}],"replies":[{"embeddable":true,"href":"https:\/\/www.ivanaioriolistica.com\/home\/wp-json\/wp\/v2\/comments?post=2398"}],"version-history":[{"count":3,"href":"https:\/\/www.ivanaioriolistica.com\/home\/wp-json\/wp\/v2\/posts\/2398\/revisions"}],"predecessor-version":[{"id":2412,"href":"https:\/\/www.ivanaioriolistica.com\/home\/wp-json\/wp\/v2\/posts\/2398\/revisions\/2412"}],"wp:featuredmedia":[{"embeddable":true,"href":"https:\/\/www.ivanaioriolistica.com\/home\/wp-json\/wp\/v2\/media\/2490"}],"wp:attachment":[{"href":"https:\/\/www.ivanaioriolistica.com\/home\/wp-json\/wp\/v2\/media?parent=2398"}],"wp:term":[{"taxonomy":"category","embeddable":true,"href":"https:\/\/www.ivanaioriolistica.com\/home\/wp-json\/wp\/v2\/categories?post=2398"},{"taxonomy":"post_tag","embeddable":true,"href":"https:\/\/www.ivanaioriolistica.com\/home\/wp-json\/wp\/v2\/tags?post=2398"}],"curies":[{"name":"wp","href":"https:\/\/api.w.org\/{rel}","templated":true}]}}