{"id":2435,"date":"2025-09-09T11:35:10","date_gmt":"2025-09-09T09:35:10","guid":{"rendered":"https:\/\/www.ivanaioriolistica.com\/home\/?p=2435"},"modified":"2025-11-28T10:26:40","modified_gmt":"2025-11-28T09:26:40","slug":"uva-proprieta-benefici-e-usi-naturopatici-del-frutto-dellautunno","status":"publish","type":"post","link":"https:\/\/www.ivanaioriolistica.com\/home\/uva-proprieta-benefici-e-usi-naturopatici-del-frutto-dellautunno\/","title":{"rendered":"Uva: propriet\u00e0, benefici e usi naturopatici del frutto dell\u2019autunno"},"content":{"rendered":"<p><span style=\"font-weight: 400;\">C\u2019\u00e8 un frutto che, con il suo sapore dolce e la sua consistenza succosa, annuncia il passaggio dalla luce intensa dell\u2019estate a quella pi\u00f9 morbida dell\u2019autunno: l\u2019<\/span><b>uva<\/b><span style=\"font-weight: 400;\">.\u00a0<\/span><\/p>\n<p><span style=\"font-weight: 400;\">Con la sua storia millenaria e la sua forza vitale, l\u2019uva \u00e8 da sempre considerata un <\/span><b>dono generoso della terra<\/b><span style=\"font-weight: 400;\">. Inserirla nella nostra alimentazione e nelle nostre abitudini quotidiane, significa regalarci un sostegno stagionale prezioso.<\/span><\/p>\n<p><span style=\"font-weight: 400;\">In naturopatia, l\u2019uva \u00e8 pi\u00f9 di un alimento: grazie al suo contenuto di <\/span><b>zuccheri naturali, vitamine, minerali e antiossidanti<\/b><span style=\"font-weight: 400;\"> come il resveratrolo, accompagna il corpo durante il <\/span><a href=\"https:\/\/www.ivanaioriolistica.com\/home\/cosa-mangiare-nel-cambio-stagione-in-autunno\/\"><span style=\"font-weight: 400;\">cambio di stagione<\/span><\/a><span style=\"font-weight: 400;\">, favorendo rigenerazione e benessere.\u00a0<\/span><\/p>\n<p><span style=\"font-weight: 400;\">In questo articolo scopriremo insieme le sue origini, le propriet\u00e0, i benefici concreti e i modi in cui si pu\u00f2 utilizzare in un percorso naturopatico personalizzato.<\/span><\/p>\n<h2>Il ruolo dell\u2019uva nella storia: profumo di sole e tradizione<\/h2>\n<p><span style=\"font-weight: 400;\">L\u2019uva ha origini antichissime e cresce da secoli nel bacino del Mediterraneo, dove il sole caldo e i terreni rocciosi hanno plasmato un frutto resiliente e carico di energia. <\/span><b>Simbolo di abbondanza, vita e convivialit\u00e0<\/b><span style=\"font-weight: 400;\">, ha accompagnato riti e celebrazioni, intrecciandosi alle usanze di popoli diversi. Nei miti e nelle religioni antiche, era consacrata a <\/span><b>divinit\u00e0 legate alla fertilit\u00e0 e alla gioia<\/b><span style=\"font-weight: 400;\">, come Dioniso nella tradizione greca e Bacco in quella romana.\u00a0<\/span><\/p>\n<p><span style=\"font-weight: 400;\">Da sempre il rito della vendemmia segna il passaggio di stagione: il sole estivo cede il passo alle giornate pi\u00f9 fresche e ai colori caldi dell\u2019autunno. Portare l\u2019uva sulla tavola in questo periodo significa <\/span><b>connettersi con i ritmi della terra<\/b><span style=\"font-weight: 400;\">, e preparare il corpo ai cambiamenti stagionali, in modo naturale e consapevole.<\/span><\/p>\n<p><img decoding=\"async\" class=\"lazyload aligncenter size-full wp-image-2442\" src=\"https:\/\/www.ivanaioriolistica.com\/home\/wp-content\/uploads\/2025\/09\/grappolo-uva-bianca-naturopatia-1.png\" data-orig-src=\"https:\/\/www.ivanaioriolistica.com\/home\/wp-content\/uploads\/2025\/09\/grappolo-uva-bianca-naturopatia-1.png\" alt=\"grappolo di uva bianca\" width=\"600\" height=\"400\" srcset=\"data:image\/svg+xml,%3Csvg%20xmlns%3D%27http%3A%2F%2Fwww.w3.org%2F2000%2Fsvg%27%20width%3D%27600%27%20height%3D%27400%27%20viewBox%3D%270%200%20600%20400%27%3E%3Crect%20width%3D%27600%27%20height%3D%27400%27%20fill-opacity%3D%220%22%2F%3E%3C%2Fsvg%3E\" data-srcset=\"https:\/\/www.ivanaioriolistica.com\/home\/wp-content\/uploads\/2025\/09\/grappolo-uva-bianca-naturopatia-1-200x133.png 200w, https:\/\/www.ivanaioriolistica.com\/home\/wp-content\/uploads\/2025\/09\/grappolo-uva-bianca-naturopatia-1-300x200.png 300w, https:\/\/www.ivanaioriolistica.com\/home\/wp-content\/uploads\/2025\/09\/grappolo-uva-bianca-naturopatia-1-400x267.png 400w, https:\/\/www.ivanaioriolistica.com\/home\/wp-content\/uploads\/2025\/09\/grappolo-uva-bianca-naturopatia-1.png 600w\" data-sizes=\"auto\" data-orig-sizes=\"(max-width: 600px) 100vw, 600px\" \/><\/p>\n<h2>Propriet\u00e0 e benefici dell\u2019uva: energia vitale dal frutto della vite<\/h2>\n<p><span style=\"font-weight: 400;\">Cos\u00ec come ha nutrito simboli e rituali antichi, l\u2019uva continua ancora oggi a offrirci i suoi doni: non solo piacere per il palato, ma un insieme di propriet\u00e0 che la rendono un <\/span><b>alleato prezioso per la salute e il benessere.\u00a0<\/b><\/p>\n<p><span style=\"font-weight: 400;\">Dietro la sua dolcezza si nasconde infatti una ricchezza di nutrienti che agiscono in sinergia. Vediamo insieme i principali <\/span><b>benefici dell\u2019uva<\/b><span style=\"font-weight: 400;\">:<\/span><\/p>\n<h3>Depurazione dolce e uva \u201ccurativa\u201d<\/h3>\n<p><span style=\"font-weight: 400;\">Grazie alle sue <\/span><b>propriet\u00e0 drenanti e diuretiche, l\u2019uva <\/b><span style=\"font-weight: 400;\">favorisce l\u2019<\/span><b>eliminazione delle tossine <\/b><span style=\"font-weight: 400;\">accumulate durante l\u2019estate. Un grappolo d\u2019uva al mattino, o un bicchiere di succo d\u2019uva fresco, stimolano il <\/span><b>metabolismo e la funzionalit\u00e0 renale<\/b><span style=\"font-weight: 400;\">. <\/span><span style=\"font-weight: 400;\"><br \/>\n<\/span><span style=\"font-weight: 400;\"><br \/>\n<\/span><span style=\"font-weight: 400;\">Inserire nella tua routine dell\u2019acqua calda aromatizzata con uva, scorza di limone e rosmarino completa l\u2019effetto depurativo. In questo modo, un semplice bicchiere o un grappolo d\u2019uva si trasformano in un piccolo gesto di rinnovamento, ne ricaverai <\/span><b>leggerezza per il corpo e armonia per la mente.<\/b><\/p>\n<h3>Sostegno alla vitalit\u00e0 durante il cambio stagione<\/h3>\n<p><span style=\"font-weight: 400;\">L\u2019uva fornisce<\/span><b> energia immediata<\/b><span style=\"font-weight: 400;\"> grazie a zuccheri naturali e nutrienti essenziali, <\/span><b>sostenendo muscoli, sistema nervoso e difese immunitarie<\/b><span style=\"font-weight: 400;\">. Nei periodi di luce ridotta, gustare qualche chicco tra un pasto e l\u2019altro, o inserirla in insalate ed estratti, pu\u00f2 diventare un piccolo supporto ai cali di energie.\u00a0<\/span><\/p>\n<p><span style=\"font-weight: 400;\">Anche mangiare l\u2019uva con attenzione e consapevolezza, osservandone colore, profumo e consistenza, trasforma un semplice alimento in un<\/span><b> momento di connessione<\/b><span style=\"font-weight: 400;\"> con il corpo, che pu\u00f2 regalarti chiarezza e benessere mentale.<\/span><\/p>\n<h3>Protezione e rigenerazione grazie agli antiossidanti<\/h3>\n<p><span style=\"font-weight: 400;\">Gli antiossidanti presenti nell\u2019uva, tra cui il<\/span><b> resveratrolo, i flavonoidi e i polifenoli<\/b><span style=\"font-weight: 400;\">, <\/span><b>contrastano lo stress ossidativo <\/b><span style=\"font-weight: 400;\">e <\/span><b>proteggono le cellule dai danni dei radicali liberi<\/b><span style=\"font-weight: 400;\">. Contribuiscono inoltre a mantenere la <\/span><b>pelle luminosa<\/b><span style=\"font-weight: 400;\"> e a sostenere la circolazione, grazie alla combinazione con il <\/span><b>potassio.<\/b><\/p>\n<p><span style=\"font-weight: 400;\">In un percorso naturopatico, l\u2019uva pu\u00f2 accompagnare <\/span><a href=\"https:\/\/www.ivanaioriolistica.com\/home\/la-mia-selezione-di-massaggi\/\"><b>massaggi<\/b><\/a><b> con oli naturali, impacchi lenitivi o creme a base di vinaccioli<\/b><span style=\"font-weight: 400;\">, utili per stimolare la circolazione, migliorare l\u2019elasticit\u00e0 della pelle e favorirne la rigenerazione.<\/span><\/p>\n<h3>Equilibrio emotivo e significato simbolico del grappolo<\/h3>\n<p><span style=\"font-weight: 400;\">Oltre al supporto fisico, l\u2019uva ha un valore simbolico: i chicchi raccolti in grappolo rappresentano <\/span><b>unione, abbondanza e calore comunitario<\/b><span style=\"font-weight: 400;\">. Gustarla lentamente diventa un piccolo momento di <\/span><b>meditazione<\/b><span style=\"font-weight: 400;\"> quotidiano, che nutre anche l\u2019anima.<\/span><\/p>\n<p><span style=\"font-weight: 400;\">Offrire un grappolo d\u2019uva a qualcuno pu\u00f2 essere un gesto simbolico di condivisione e generosit\u00e0, ricordando che il benessere personale si intreccia con la cura delle relazioni. Cos\u00ec, l\u2019uva non \u00e8 solo nutrimento, ma strumento di <\/span><b>armonia interiore.<\/b><\/p>\n<p><img decoding=\"async\" class=\"lazyload aligncenter size-full wp-image-2436\" src=\"https:\/\/www.ivanaioriolistica.com\/home\/wp-content\/uploads\/2025\/09\/benefici-uva-ivana-iori-naturopata.png\" data-orig-src=\"https:\/\/www.ivanaioriolistica.com\/home\/wp-content\/uploads\/2025\/09\/benefici-uva-ivana-iori-naturopata.png\" alt=\"grappo di uva nera\" width=\"600\" height=\"400\" srcset=\"data:image\/svg+xml,%3Csvg%20xmlns%3D%27http%3A%2F%2Fwww.w3.org%2F2000%2Fsvg%27%20width%3D%27600%27%20height%3D%27400%27%20viewBox%3D%270%200%20600%20400%27%3E%3Crect%20width%3D%27600%27%20height%3D%27400%27%20fill-opacity%3D%220%22%2F%3E%3C%2Fsvg%3E\" data-srcset=\"https:\/\/www.ivanaioriolistica.com\/home\/wp-content\/uploads\/2025\/09\/benefici-uva-ivana-iori-naturopata-200x133.png 200w, https:\/\/www.ivanaioriolistica.com\/home\/wp-content\/uploads\/2025\/09\/benefici-uva-ivana-iori-naturopata-300x200.png 300w, https:\/\/www.ivanaioriolistica.com\/home\/wp-content\/uploads\/2025\/09\/benefici-uva-ivana-iori-naturopata-400x267.png 400w, https:\/\/www.ivanaioriolistica.com\/home\/wp-content\/uploads\/2025\/09\/benefici-uva-ivana-iori-naturopata.png 600w\" data-sizes=\"auto\" data-orig-sizes=\"(max-width: 600px) 100vw, 600px\" \/><\/p>\n<h2>Come portare l\u2019uva sulla tua tavola e nella tua routine di benessere<\/h2>\n<p><span style=\"font-weight: 400;\">L\u2019uva si presta a molti usi in cucina. Puoi gustarla fresca, semplicemente lavata e servita come <\/span><b>spuntino veloce<\/b><span style=\"font-weight: 400;\">, o trasformarla in <\/span><b>succhi ed estratti <\/b><span style=\"font-weight: 400;\">per una bevanda energizzante, ideale al mattino o come pausa durante la giornata.\u00a0<\/span><\/p>\n<p><span style=\"font-weight: 400;\">Nei piatti salati, l\u2019uva trova abbinamenti sorprendenti: aggiunta alle <\/span><b>insalate insieme a frutta secca, accanto a formaggi leggeri o verdure croccanti<\/b><span style=\"font-weight: 400;\">, dona freschezza e un tocco di dolcezza equilibrata.\u00a0<\/span><\/p>\n<p><span style=\"font-weight: 400;\">Ma gli usi del frutto della vite non si limitano alla cucina. In passato le popolazioni mediterranee usavano l\u2019uva anche per tingere tessuti e profumare ambienti.\u00a0<\/span><\/p>\n<p><span style=\"font-weight: 400;\">I semi e i vinaccioli possono diventare un prezioso<\/span><b> olio cosmetico<\/b><span style=\"font-weight: 400;\">, utile per <\/span><b>massaggi, idratazione della pelle e trattamenti calmanti.<\/b><span style=\"font-weight: 400;\"> Perfetto dopo una giornata dell\u2019ultimo sole estivo, l\u2019olio di vinaccioli nutre e rigenera, mentre una <\/span><b>maschera viso a base di polpa d\u2019uva <\/b><span style=\"font-weight: 400;\">apporta antiossidanti e morbidezza alla pelle.<\/span><\/p>\n<h2>Integrare l\u2019uva in un percorso naturopatico personalizzato<\/h2>\n<p><span style=\"font-weight: 400;\">Da sempre l\u2019uva \u00e8 sinonimo di rituali di bellezza e purificazione, un <\/span><b>ponte tra nutrimento e cura di s\u00e9<\/b><span style=\"font-weight: 400;\">, tra piacere del palato e attenzione al corpo.\u00a0<\/span><\/p>\n<p><span style=\"font-weight: 400;\">Integrare l\u2019uva nella tua alimentazione e nei tuoi gesti quotidiani significa sostenere il corpo, nutrire la mente e coltivare benessere dall\u2019interno e l\u2019autunno \u00e8 il momento ideale per avviare il tuo percorso di equilibrio.<\/span><\/p>\n<p><a href=\"https:\/\/www.ivanaioriolistica.com\/home\/contatti\/\"><span style=\"font-weight: 400;\">Contattami<\/span><\/a><span style=\"font-weight: 400;\"> per scoprire come portare l\u2019energia dell\u2019uva nella tua routine. Possiamo costruire insieme un <\/span><a href=\"https:\/\/www.ivanaioriolistica.com\/home\/consulenza-naturopatica-cose-e-come-si-svolge\/\"><span style=\"font-weight: 400;\">percorso naturopatico personalizzato<\/span><\/a><span style=\"font-weight: 400;\">, che accompagni la tua transizione verso l\u2019autunno con leggerezza, energia e armonia.<\/span><\/p>\n","protected":false},"excerpt":{"rendered":"<p>C\u2019\u00e8 un frutto che, con il suo sapore dolce e [&hellip;]<\/p>\n","protected":false},"author":4,"featured_media":2492,"comment_status":"closed","ping_status":"closed","sticky":false,"template":"","format":"standard","meta":{"_EventAllDay":false,"_EventTimezone":"","_EventStartDate":"","_EventEndDate":"","_EventStartDateUTC":"","_EventEndDateUTC":"","_EventShowMap":false,"_EventShowMapLink":false,"_EventURL":"","_EventCost":"","_EventCostDescription":"","_EventCurrencySymbol":"","_EventCurrencyCode":"","_EventCurrencyPosition":"","_EventDateTimeSeparator":"","_EventTimeRangeSeparator":"","_EventOrganizerID":[],"_EventVenueID":[],"_OrganizerEmail":"","_OrganizerPhone":"","_OrganizerWebsite":"","_VenueAddress":"","_VenueCity":"","_VenueCountry":"","_VenueProvince":"","_VenueState":"","_VenueZip":"","_VenuePhone":"","_VenueURL":"","_VenueStateProvince":"","_VenueLat":"","_VenueLng":"","_VenueShowMap":false,"_VenueShowMapLink":false,"_themeisle_gutenberg_block_has_review":false,"footnotes":""},"categories":[1,25],"tags":[],"class_list":["post-2435","post","type-post","status-publish","format-standard","has-post-thumbnail","hentry","category-consigli","category-nutrizione-e-benessere"],"yoast_head":"<!-- This site is optimized with the Yoast SEO plugin v25.2 - https:\/\/yoast.com\/wordpress\/plugins\/seo\/ -->\n<title>Uva: propriet\u00e0, benefici e usi naturopatici del frutto dell\u2019autunno<\/title>\n<meta name=\"description\" content=\"Scopri i benefici dell\u2019uva, idee per gustarla, propriet\u00e0 antiossidanti, sostegno stagionale e integrazione in naturopatia per il tuo benessere\" \/>\n<meta name=\"robots\" content=\"index, follow, max-snippet:-1, max-image-preview:large, max-video-preview:-1\" \/>\n<link rel=\"canonical\" href=\"https:\/\/www.ivanaioriolistica.com\/home\/uva-proprieta-benefici-e-usi-naturopatici-del-frutto-dellautunno\/\" \/>\n<meta property=\"og:locale\" content=\"it_IT\" \/>\n<meta property=\"og:type\" content=\"article\" \/>\n<meta property=\"og:title\" content=\"Uva: propriet\u00e0, benefici e usi naturopatici del frutto dell\u2019autunno\" \/>\n<meta property=\"og:description\" content=\"Scopri i benefici dell\u2019uva, idee per gustarla, propriet\u00e0 antiossidanti, sostegno stagionale e integrazione in naturopatia per il tuo benessere\" \/>\n<meta property=\"og:url\" content=\"https:\/\/www.ivanaioriolistica.com\/home\/uva-proprieta-benefici-e-usi-naturopatici-del-frutto-dellautunno\/\" \/>\n<meta property=\"og:site_name\" content=\"Ivana Iori Olistica del Benessere - Massaggi Olbia\" \/>\n<meta property=\"article:published_time\" content=\"2025-09-09T09:35:10+00:00\" \/>\n<meta property=\"article:modified_time\" content=\"2025-11-28T09:26:40+00:00\" \/>\n<meta property=\"og:image\" content=\"https:\/\/www.ivanaioriolistica.com\/home\/wp-content\/uploads\/2025\/11\/proprieta-uva-ivana-iori-naturopata-olbia.png\" \/>\n\t<meta property=\"og:image:width\" content=\"800\" \/>\n\t<meta property=\"og:image:height\" content=\"542\" \/>\n\t<meta property=\"og:image:type\" content=\"image\/png\" \/>\n<meta name=\"author\" content=\"Ivana Iori\" \/>\n<meta name=\"twitter:card\" content=\"summary_large_image\" \/>\n<meta name=\"twitter:label1\" content=\"Scritto da\" \/>\n\t<meta name=\"twitter:data1\" content=\"Ivana Iori\" \/>\n\t<meta name=\"twitter:label2\" content=\"Tempo di lettura stimato\" \/>\n\t<meta name=\"twitter:data2\" content=\"6 minuti\" \/>\n<script type=\"application\/ld+json\" class=\"yoast-schema-graph\">{\"@context\":\"https:\/\/schema.org\",\"@graph\":[{\"@type\":\"WebPage\",\"@id\":\"https:\/\/www.ivanaioriolistica.com\/home\/uva-proprieta-benefici-e-usi-naturopatici-del-frutto-dellautunno\/\",\"url\":\"https:\/\/www.ivanaioriolistica.com\/home\/uva-proprieta-benefici-e-usi-naturopatici-del-frutto-dellautunno\/\",\"name\":\"Uva: propriet\u00e0, benefici e usi naturopatici del frutto dell\u2019autunno\",\"isPartOf\":{\"@id\":\"https:\/\/www.ivanaioriolistica.com\/home\/#website\"},\"primaryImageOfPage\":{\"@id\":\"https:\/\/www.ivanaioriolistica.com\/home\/uva-proprieta-benefici-e-usi-naturopatici-del-frutto-dellautunno\/#primaryimage\"},\"image\":{\"@id\":\"https:\/\/www.ivanaioriolistica.com\/home\/uva-proprieta-benefici-e-usi-naturopatici-del-frutto-dellautunno\/#primaryimage\"},\"thumbnailUrl\":\"https:\/\/www.ivanaioriolistica.com\/home\/wp-content\/uploads\/2025\/11\/proprieta-uva-ivana-iori-naturopata-olbia.png\",\"datePublished\":\"2025-09-09T09:35:10+00:00\",\"dateModified\":\"2025-11-28T09:26:40+00:00\",\"author\":{\"@id\":\"https:\/\/www.ivanaioriolistica.com\/home\/#\/schema\/person\/9dd1c65650afe9f5d70053f5b229e38c\"},\"description\":\"Scopri i benefici dell\u2019uva, idee per gustarla, propriet\u00e0 antiossidanti, sostegno stagionale e integrazione in naturopatia per il tuo benessere\",\"breadcrumb\":{\"@id\":\"https:\/\/www.ivanaioriolistica.com\/home\/uva-proprieta-benefici-e-usi-naturopatici-del-frutto-dellautunno\/#breadcrumb\"},\"inLanguage\":\"it-IT\",\"potentialAction\":[{\"@type\":\"ReadAction\",\"target\":[\"https:\/\/www.ivanaioriolistica.com\/home\/uva-proprieta-benefici-e-usi-naturopatici-del-frutto-dellautunno\/\"]}]},{\"@type\":\"ImageObject\",\"inLanguage\":\"it-IT\",\"@id\":\"https:\/\/www.ivanaioriolistica.com\/home\/uva-proprieta-benefici-e-usi-naturopatici-del-frutto-dellautunno\/#primaryimage\",\"url\":\"https:\/\/www.ivanaioriolistica.com\/home\/wp-content\/uploads\/2025\/11\/proprieta-uva-ivana-iori-naturopata-olbia.png\",\"contentUrl\":\"https:\/\/www.ivanaioriolistica.com\/home\/wp-content\/uploads\/2025\/11\/proprieta-uva-ivana-iori-naturopata-olbia.png\",\"width\":800,\"height\":542,\"caption\":\"proprieta-uva-ivana-iori-naturopata-olbia\"},{\"@type\":\"BreadcrumbList\",\"@id\":\"https:\/\/www.ivanaioriolistica.com\/home\/uva-proprieta-benefici-e-usi-naturopatici-del-frutto-dellautunno\/#breadcrumb\",\"itemListElement\":[{\"@type\":\"ListItem\",\"position\":1,\"name\":\"Home\",\"item\":\"https:\/\/www.ivanaioriolistica.com\/home\/\"},{\"@type\":\"ListItem\",\"position\":2,\"name\":\"Uva: propriet\u00e0, benefici e usi naturopatici del frutto dell\u2019autunno\"}]},{\"@type\":\"WebSite\",\"@id\":\"https:\/\/www.ivanaioriolistica.com\/home\/#website\",\"url\":\"https:\/\/www.ivanaioriolistica.com\/home\/\",\"name\":\"Ivana Iori Olistica del Benessere - Massaggi Olbia\",\"description\":\"Riequilibrio Energetico e Benessere Psicofisico\",\"potentialAction\":[{\"@type\":\"SearchAction\",\"target\":{\"@type\":\"EntryPoint\",\"urlTemplate\":\"https:\/\/www.ivanaioriolistica.com\/home\/?s={search_term_string}\"},\"query-input\":{\"@type\":\"PropertyValueSpecification\",\"valueRequired\":true,\"valueName\":\"search_term_string\"}}],\"inLanguage\":\"it-IT\"},{\"@type\":\"Person\",\"@id\":\"https:\/\/www.ivanaioriolistica.com\/home\/#\/schema\/person\/9dd1c65650afe9f5d70053f5b229e38c\",\"name\":\"Ivana Iori\",\"image\":{\"@type\":\"ImageObject\",\"inLanguage\":\"it-IT\",\"@id\":\"https:\/\/www.ivanaioriolistica.com\/home\/#\/schema\/person\/image\/\",\"url\":\"https:\/\/secure.gravatar.com\/avatar\/247ca190ca08167c22a7d38fc1145653587a8991649f4e0625a77ee92d21df24?s=96&d=mm&r=g\",\"contentUrl\":\"https:\/\/secure.gravatar.com\/avatar\/247ca190ca08167c22a7d38fc1145653587a8991649f4e0625a77ee92d21df24?s=96&d=mm&r=g\",\"caption\":\"Ivana Iori\"},\"description\":\"Sono Naturopata, Reiki Multimaster, Operatrice Olistica del massaggio, Biomagnetista, Professionista del benessere psicofisico tramite il massaggio BioNaturale, Love Coach e specializzata in Naturopatia funzionale.\",\"url\":\"https:\/\/www.ivanaioriolistica.com\/home\/author\/irene-speretta\/\"}]}<\/script>\n<!-- \/ Yoast SEO plugin. -->","yoast_head_json":{"title":"Uva: propriet\u00e0, benefici e usi naturopatici del frutto dell\u2019autunno","description":"Scopri i benefici dell\u2019uva, idee per gustarla, propriet\u00e0 antiossidanti, sostegno stagionale e integrazione in naturopatia per il tuo benessere","robots":{"index":"index","follow":"follow","max-snippet":"max-snippet:-1","max-image-preview":"max-image-preview:large","max-video-preview":"max-video-preview:-1"},"canonical":"https:\/\/www.ivanaioriolistica.com\/home\/uva-proprieta-benefici-e-usi-naturopatici-del-frutto-dellautunno\/","og_locale":"it_IT","og_type":"article","og_title":"Uva: propriet\u00e0, benefici e usi naturopatici del frutto dell\u2019autunno","og_description":"Scopri i benefici dell\u2019uva, idee per gustarla, propriet\u00e0 antiossidanti, sostegno stagionale e integrazione in naturopatia per il tuo benessere","og_url":"https:\/\/www.ivanaioriolistica.com\/home\/uva-proprieta-benefici-e-usi-naturopatici-del-frutto-dellautunno\/","og_site_name":"Ivana Iori Olistica del Benessere - Massaggi Olbia","article_published_time":"2025-09-09T09:35:10+00:00","article_modified_time":"2025-11-28T09:26:40+00:00","og_image":[{"width":800,"height":542,"url":"https:\/\/www.ivanaioriolistica.com\/home\/wp-content\/uploads\/2025\/11\/proprieta-uva-ivana-iori-naturopata-olbia.png","type":"image\/png"}],"author":"Ivana Iori","twitter_card":"summary_large_image","twitter_misc":{"Scritto da":"Ivana Iori","Tempo di lettura stimato":"6 minuti"},"schema":{"@context":"https:\/\/schema.org","@graph":[{"@type":"WebPage","@id":"https:\/\/www.ivanaioriolistica.com\/home\/uva-proprieta-benefici-e-usi-naturopatici-del-frutto-dellautunno\/","url":"https:\/\/www.ivanaioriolistica.com\/home\/uva-proprieta-benefici-e-usi-naturopatici-del-frutto-dellautunno\/","name":"Uva: propriet\u00e0, benefici e usi naturopatici del frutto dell\u2019autunno","isPartOf":{"@id":"https:\/\/www.ivanaioriolistica.com\/home\/#website"},"primaryImageOfPage":{"@id":"https:\/\/www.ivanaioriolistica.com\/home\/uva-proprieta-benefici-e-usi-naturopatici-del-frutto-dellautunno\/#primaryimage"},"image":{"@id":"https:\/\/www.ivanaioriolistica.com\/home\/uva-proprieta-benefici-e-usi-naturopatici-del-frutto-dellautunno\/#primaryimage"},"thumbnailUrl":"https:\/\/www.ivanaioriolistica.com\/home\/wp-content\/uploads\/2025\/11\/proprieta-uva-ivana-iori-naturopata-olbia.png","datePublished":"2025-09-09T09:35:10+00:00","dateModified":"2025-11-28T09:26:40+00:00","author":{"@id":"https:\/\/www.ivanaioriolistica.com\/home\/#\/schema\/person\/9dd1c65650afe9f5d70053f5b229e38c"},"description":"Scopri i benefici dell\u2019uva, idee per gustarla, propriet\u00e0 antiossidanti, sostegno stagionale e integrazione in naturopatia per il tuo benessere","breadcrumb":{"@id":"https:\/\/www.ivanaioriolistica.com\/home\/uva-proprieta-benefici-e-usi-naturopatici-del-frutto-dellautunno\/#breadcrumb"},"inLanguage":"it-IT","potentialAction":[{"@type":"ReadAction","target":["https:\/\/www.ivanaioriolistica.com\/home\/uva-proprieta-benefici-e-usi-naturopatici-del-frutto-dellautunno\/"]}]},{"@type":"ImageObject","inLanguage":"it-IT","@id":"https:\/\/www.ivanaioriolistica.com\/home\/uva-proprieta-benefici-e-usi-naturopatici-del-frutto-dellautunno\/#primaryimage","url":"https:\/\/www.ivanaioriolistica.com\/home\/wp-content\/uploads\/2025\/11\/proprieta-uva-ivana-iori-naturopata-olbia.png","contentUrl":"https:\/\/www.ivanaioriolistica.com\/home\/wp-content\/uploads\/2025\/11\/proprieta-uva-ivana-iori-naturopata-olbia.png","width":800,"height":542,"caption":"proprieta-uva-ivana-iori-naturopata-olbia"},{"@type":"BreadcrumbList","@id":"https:\/\/www.ivanaioriolistica.com\/home\/uva-proprieta-benefici-e-usi-naturopatici-del-frutto-dellautunno\/#breadcrumb","itemListElement":[{"@type":"ListItem","position":1,"name":"Home","item":"https:\/\/www.ivanaioriolistica.com\/home\/"},{"@type":"ListItem","position":2,"name":"Uva: propriet\u00e0, benefici e usi naturopatici del frutto dell\u2019autunno"}]},{"@type":"WebSite","@id":"https:\/\/www.ivanaioriolistica.com\/home\/#website","url":"https:\/\/www.ivanaioriolistica.com\/home\/","name":"Ivana Iori Olistica del Benessere - Massaggi Olbia","description":"Riequilibrio Energetico e Benessere Psicofisico","potentialAction":[{"@type":"SearchAction","target":{"@type":"EntryPoint","urlTemplate":"https:\/\/www.ivanaioriolistica.com\/home\/?s={search_term_string}"},"query-input":{"@type":"PropertyValueSpecification","valueRequired":true,"valueName":"search_term_string"}}],"inLanguage":"it-IT"},{"@type":"Person","@id":"https:\/\/www.ivanaioriolistica.com\/home\/#\/schema\/person\/9dd1c65650afe9f5d70053f5b229e38c","name":"Ivana Iori","image":{"@type":"ImageObject","inLanguage":"it-IT","@id":"https:\/\/www.ivanaioriolistica.com\/home\/#\/schema\/person\/image\/","url":"https:\/\/secure.gravatar.com\/avatar\/247ca190ca08167c22a7d38fc1145653587a8991649f4e0625a77ee92d21df24?s=96&d=mm&r=g","contentUrl":"https:\/\/secure.gravatar.com\/avatar\/247ca190ca08167c22a7d38fc1145653587a8991649f4e0625a77ee92d21df24?s=96&d=mm&r=g","caption":"Ivana Iori"},"description":"Sono Naturopata, Reiki Multimaster, Operatrice Olistica del massaggio, Biomagnetista, Professionista del benessere psicofisico tramite il massaggio BioNaturale, Love Coach e specializzata in Naturopatia funzionale.","url":"https:\/\/www.ivanaioriolistica.com\/home\/author\/irene-speretta\/"}]}},"_links":{"self":[{"href":"https:\/\/www.ivanaioriolistica.com\/home\/wp-json\/wp\/v2\/posts\/2435","targetHints":{"allow":["GET"]}}],"collection":[{"href":"https:\/\/www.ivanaioriolistica.com\/home\/wp-json\/wp\/v2\/posts"}],"about":[{"href":"https:\/\/www.ivanaioriolistica.com\/home\/wp-json\/wp\/v2\/types\/post"}],"author":[{"embeddable":true,"href":"https:\/\/www.ivanaioriolistica.com\/home\/wp-json\/wp\/v2\/users\/4"}],"replies":[{"embeddable":true,"href":"https:\/\/www.ivanaioriolistica.com\/home\/wp-json\/wp\/v2\/comments?post=2435"}],"version-history":[{"count":4,"href":"https:\/\/www.ivanaioriolistica.com\/home\/wp-json\/wp\/v2\/posts\/2435\/revisions"}],"predecessor-version":[{"id":2475,"href":"https:\/\/www.ivanaioriolistica.com\/home\/wp-json\/wp\/v2\/posts\/2435\/revisions\/2475"}],"wp:featuredmedia":[{"embeddable":true,"href":"https:\/\/www.ivanaioriolistica.com\/home\/wp-json\/wp\/v2\/media\/2492"}],"wp:attachment":[{"href":"https:\/\/www.ivanaioriolistica.com\/home\/wp-json\/wp\/v2\/media?parent=2435"}],"wp:term":[{"taxonomy":"category","embeddable":true,"href":"https:\/\/www.ivanaioriolistica.com\/home\/wp-json\/wp\/v2\/categories?post=2435"},{"taxonomy":"post_tag","embeddable":true,"href":"https:\/\/www.ivanaioriolistica.com\/home\/wp-json\/wp\/v2\/tags?post=2435"}],"curies":[{"name":"wp","href":"https:\/\/api.w.org\/{rel}","templated":true}]}}